{"id":7884,"date":"2023-05-01T12:27:53","date_gmt":"2023-05-01T11:27:53","guid":{"rendered":"https:\/\/klima-fakten.net\/?p=7884"},"modified":"2025-08-24T13:04:47","modified_gmt":"2025-08-24T12:04:47","slug":"haeufig-gestellte-fragen-zur-co2-sensitivaet","status":"publish","type":"post","link":"https:\/\/klima-fakten.net\/?p=7884","title":{"rendered":"H\u00e4ufig gestellte Fragen zur CO2-Sensitiv\u00e4t"},"content":{"rendered":"<div class=\"pdfprnt-buttons pdfprnt-buttons-post pdfprnt-top-right\"><a href=\"https:\/\/klima-fakten.net\/index.php?rest_route=wpv2posts7884&print=print\" class=\"pdfprnt-button pdfprnt-button-print\" target=\"_blank\"><img decoding=\"async\" src=\"https:\/\/klima-fakten.net\/wp-content\/plugins\/pdf-print\/images\/print.png\" alt=\"image_print\" title=\"Inhalt drucken\" \/><\/a><\/div>\n<h2 class=\"wp-block-heading\">Welche Rolle spielt der Wasserdampf bei der CO2-Sensitivit\u00e4t, wirkt er nicht als Treibhausverst\u00e4rker?<\/h2>\n\n\n\n<p>Es geht dabei im Wesentlichen um die Frage, ob durch Wasserdampf eher eine positive R\u00fcckkopplung des CO2-bedingten Treibhauseffektes erfolgt (wie z.B. von Vertretern des PIK behauptet) oder eher eine negative, <a href=\"https:\/\/www.researchgate.net\/publication\/252158274_Direct_Assessment_of_Water_Vapor_and_Cloud_Feedbacks_From_Observations\">wie von Prof. Richard Lindzen beschrieben<\/a>.  <\/p>\n\n\n\n<p>Hierzu betrachten wir zwei in diesem Zusammenhang wichtige, unbestrittene Fakten. <\/p>\n\n\n\n<h5 class=\"wp-block-heading\">Das globale Energiebudget<\/h5>\n\n\n\n<p>Diejenigen, die behaupten, dass der Wasserdampf den Treibhauseffekt verst\u00e4rke, berufen sich darauf dass bei steigender Temperatur die Luft gem\u00e4\u00df der Clausius-Clapeyron-Gleichung mehr Wasserdampf aufnehmen k\u00f6nne, was zu einem st\u00e4rkeren Treibhauseffekt f\u00fchrt und damit zu einer positiven R\u00fcckkopplung.  <a href=\"https:\/\/klima-fakten.net\/?p=9287\">Diese wird in einem separaten Beitrag behandelt. <\/a><\/p>\n\n\n\n<figure class=\"wp-block-image size-large\"><img loading=\"lazy\" decoding=\"async\" width=\"1024\" height=\"613\" src=\"https:\/\/klima-fakten.net\/wp-content\/uploads\/2023\/05\/image-1024x613.png\" alt=\"\" class=\"wp-image-7885\" srcset=\"https:\/\/klima-fakten.net\/wp-content\/uploads\/2023\/05\/image-1024x613.png 1024w, https:\/\/klima-fakten.net\/wp-content\/uploads\/2023\/05\/image-300x180.png 300w, https:\/\/klima-fakten.net\/wp-content\/uploads\/2023\/05\/image-768x460.png 768w, https:\/\/klima-fakten.net\/wp-content\/uploads\/2023\/05\/image-445x265.png 445w, https:\/\/klima-fakten.net\/wp-content\/uploads\/2023\/05\/image.png 1037w\" sizes=\"auto, (max-width: 1024px) 100vw, 1024px\" \/><\/figure>\n\n\n\n<p>Ebenso bekannt wie unstrittig ist die Bildung von Wolken aus Wasserdampf. Und die meisten Wolken haben die Eigenschaft, dass sie Licht reflektieren. Demzufolge kommt aufgrund der Wolkenalbedo nur ein Teil der kurzwelligen Sonnenenergie bei der Erde an. Der Energieverlust aufgrund der Wolkenreflexion ist im Energiebudget mit etwa -47,5 W\/qm ber\u00fccksichtigt, w\u00e4hrend der Treibhauseffekt der Wolken etwa 26 W\/qm betr\u00e4gt. Demzufolge ist die Abk\u00fchlung aufgrund der Wolkenbildung global gesehen um mehr als 20 W\/qm gr\u00f6\u00dfer als deren Treibhauswirkung. Die Gesamtwirkung aller Wolken bildet demnach eine sehr starke negative R\u00fcckkopplung beim Treibhauseffekt.  <\/p>\n\n\n\n<h5 class=\"wp-block-heading\">Die energetischen Auswirkungen des R\u00fcckgangs der Wolkenbedeckung \u00fcber 30 Jahre<\/h5>\n\n\n\n<p>Als wahrscheinlich erste von mittlerweile vielen Arbeiten zur Untersuchung der Albedover\u00e4nderung wurde im Artikel <a href=\"https:\/\/www.researchgate.net\/publication\/274768295_A_net_decrease_in_the_Earth's_Wolkenaerosol_und_Oberfl%C3%A4che_340_nm_Reflektivit%C3%A4t_w%C3%A4hrend_der_Vergangenheit_33-yr_1979-2011\/fulltext\/57aac75108ae42ba52ad05de\/A-netz-abnahme-im-Erdboden-Wolkenaerosol-und-Oberfl%C3%A4che-340-nm-Reflektivit%C3%A4t-w%C3%A4hrend_der_Vergangenheit-33-yr-1979-2011.pdf?_sg%5B0%5D=IfOXt40uKcTL6EADbp8ih2wiDaAYT5MF7uchXuUEsDBJz6Veen0_3Bi54ZhqKjMg_pT2n9Gv2xnggpsBsLIu2g.uAGRJ3hqSEAYa5gTqzSQyAIokuzlGsYjT6UtET6w3MXMzfQSnNnHzJqT3Xv11TqSRgi73yl59XXoIpXD6ymhBg&amp;_sg%5B1%5D=E8pe_VtsmG-iD7Df0rbLCyJV5rDm8tlYJreXBypZg5i7O1kFqYKHCEFOPi4vrXeh8FcQtZ-crUzwH-F-pZzEEMgMrR1bG9SOUXkWBX6pf20r.uAGRJ3hqSEAYa5gTqzSQyAIokuzlGsYjT6UtET6w3MXMzfQSnNnHzJqT3Xv11TqSRgi73yl59XXoIpXD6ymhBg&amp;_iepl=\"><strong>Nettoabnahme des Reflexionsverm\u00f6gens der Wolken, der Aerosole und der Erdoberfl\u00e4che bei 340 nm Wellenl\u00e4nge<\/strong><\/a> nachgewiesen, dass \u00fcber einen Zeitraum von 33 Jahren aufgrund der Abnahme der Wolkenbildung und demzufolge Abnahme der Reflexivit\u00e4t der Atmosph\u00e4re der Energiezuflu\u00df um 2,33 W\/qm zugenommen hat:<\/p>\n\n\n\n<figure class=\"wp-block-image size-full\"><img loading=\"lazy\" decoding=\"async\" width=\"690\" height=\"525\" src=\"https:\/\/klima-fakten.net\/wp-content\/uploads\/2023\/05\/image-1.png\" alt=\"\" class=\"wp-image-7891\" srcset=\"https:\/\/klima-fakten.net\/wp-content\/uploads\/2023\/05\/image-1.png 690w, https:\/\/klima-fakten.net\/wp-content\/uploads\/2023\/05\/image-1-300x228.png 300w\" sizes=\"auto, (max-width: 690px) 100vw, 690px\" \/><\/figure>\n\n\n\n<p>Dies wirft nicht nur die Frage auf, warum ein 4-fach gr\u00f6\u00dferer Effekt als die Treibhauswirkung des CO2 bislang in den Klimamodellen nicht ber\u00fccksichtigt wird,  es zeigt zweifelsfrei, dass nur eine Abnahme der globalen Bew\u00f6lkung zu einer Temperaturzunahme f\u00fchrt. Eine Bew\u00f6lkungszunahme w\u00fcrde demzufolge zu einer Temperaturabnahme f\u00fchren.<\/p>\n\n\n\n<p><br><\/p>\n\n\n\n<p><\/p>\n","protected":false},"excerpt":{"rendered":"<p>Welche Rolle spielt der Wasserdampf bei der CO2-Sensitivit\u00e4t, wirkt er nicht als Treibhausverst\u00e4rker? Es geht dabei im Wesentlichen um die Frage, ob durch Wasserdampf eher &hellip; <\/p>\n","protected":false},"author":1,"featured_media":0,"comment_status":"open","ping_status":"open","sticky":false,"template":"","format":"standard","meta":{"_monsterinsights_skip_tracking":false,"_monsterinsights_sitenote_active":false,"_monsterinsights_sitenote_note":"","_monsterinsights_sitenote_category":0,"_uf_show_specific_survey":0,"_uf_disable_surveys":false,"twitterCardType":"","cardImageID":0,"cardImage":"","cardTitle":"","cardDesc":"","cardImageAlt":"","cardPlayer":"","cardPlayerWidth":0,"cardPlayerHeight":0,"cardPlayerStream":"","cardPlayerCodec":"","footnotes":""},"categories":[26,52],"tags":[],"class_list":["post-7884","post","type-post","status-publish","format-standard","hentry","category-aktuelles","category-sensitivitaet"],"_links":{"self":[{"href":"https:\/\/klima-fakten.net\/index.php?rest_route=\/wp\/v2\/posts\/7884","targetHints":{"allow":["GET"]}}],"collection":[{"href":"https:\/\/klima-fakten.net\/index.php?rest_route=\/wp\/v2\/posts"}],"about":[{"href":"https:\/\/klima-fakten.net\/index.php?rest_route=\/wp\/v2\/types\/post"}],"author":[{"embeddable":true,"href":"https:\/\/klima-fakten.net\/index.php?rest_route=\/wp\/v2\/users\/1"}],"replies":[{"embeddable":true,"href":"https:\/\/klima-fakten.net\/index.php?rest_route=%2Fwp%2Fv2%2Fcomments&post=7884"}],"version-history":[{"count":9,"href":"https:\/\/klima-fakten.net\/index.php?rest_route=\/wp\/v2\/posts\/7884\/revisions"}],"predecessor-version":[{"id":11948,"href":"https:\/\/klima-fakten.net\/index.php?rest_route=\/wp\/v2\/posts\/7884\/revisions\/11948"}],"wp:attachment":[{"href":"https:\/\/klima-fakten.net\/index.php?rest_route=%2Fwp%2Fv2%2Fmedia&parent=7884"}],"wp:term":[{"taxonomy":"category","embeddable":true,"href":"https:\/\/klima-fakten.net\/index.php?rest_route=%2Fwp%2Fv2%2Fcategories&post=7884"},{"taxonomy":"post_tag","embeddable":true,"href":"https:\/\/klima-fakten.net\/index.php?rest_route=%2Fwp%2Fv2%2Ftags&post=7884"}],"curies":[{"name":"wp","href":"https:\/\/api.w.org\/{rel}","templated":true}]}}