{"id":5051,"date":"2021-02-22T19:38:32","date_gmt":"2021-02-22T18:38:32","guid":{"rendered":"http:\/\/klima-fakten.net\/?p=5051"},"modified":"2022-06-29T09:27:24","modified_gmt":"2022-06-29T08:27:24","slug":"wie-nachhaltig-ist-die-energiewende","status":"publish","type":"post","link":"https:\/\/klima-fakten.net\/?p=5051","title":{"rendered":"Wie nachhaltig ist die Energiewende?"},"content":{"rendered":"<div class=\"pdfprnt-buttons pdfprnt-buttons-post pdfprnt-top-right\"><a href=\"https:\/\/klima-fakten.net\/index.php?rest_route=wpv2posts5051&print=print\" class=\"pdfprnt-button pdfprnt-button-print\" target=\"_blank\"><img decoding=\"async\" src=\"https:\/\/klima-fakten.net\/wp-content\/plugins\/pdf-print\/images\/print.png\" alt=\"image_print\" title=\"Inhalt drucken\" \/><\/a><\/div>\n\n\n<p>Um die einzelnen Komponenten der Energiewende zu bewerten, ist es notwendig, zun\u00e4chst eine Definition der Ziele dieser Energiewende zu betrachten. Nur das gibt uns eine Referenz, anhand derer wir die einzelnen Ma\u00dfnahmen bewerten k\u00f6nnen. <br>Das wesentliche Schlagwort ist die &#8222;Nachhaltigkeit&#8220;. <a href=\"http:\/\/bosch-stiftung.de\/de\/news\/das-magazin-nachhaltigkeit?etcc_cmp=Stadt%20Land%20Raum&amp;etcc_grp=Magazin%20&quot;Nachhaltigkeit&quot;&amp;etcc_med=SEA&amp;etcc_par=Google&amp;etcc_bky=nachhaltige%20entwicklung&amp;etcc_mty=b&amp;etcc_plc=&amp;etcc_ctv=249085163494&amp;etcc_bde=c&amp;etcc_var=CjwKCAiAyc2BBhAaEiwA44-wW63proz58ifcV5VEdEywFb5iS8M8L1Mzbf86sIfYqgUBFC6MRI9NRhoCoowQAvD_BwE&amp;gclid=CjwKCAiAyc2BBhAaEiwA44-wW63proz58ifcV5VEdEywFb5iS8M8L1Mzbf86sIfYqgUBFC6MRI9NRhoCoowQAvD_BwE\">Zum ersten Mal tauchte der Begriff &#8222;Nachhaltigkeit&#8220; in der Forstwirtschaft auf. Das war im Jahr 1713. Heute steht Nachhaltigkeit f\u00fcr viel mehr. \u00d6kologische, soziale und \u00f6konomische Nachhaltigkeit geh\u00f6ren zusammen und beeinflussen sich gegenseitig.<\/a><\/p>\n\n\n\n<p>F\u00fcr eine angemessene Bewertung mu\u00df der etwas schwammige Begriff &#8222;Nachhaltigkeit&#8220; formal sauber beschrieben werden, um nicht in die Gefahr der Beliebigkeit zu geraten. Das von <a href=\"http:\/\/braungart.epea-hamburg.org\/de\/content\/c2c-design-konzept\">dem Chemiker Michael Braungart und dem Architekten William McDonough eingef\u00fchrte Konzept &#8222;Cradle to Cradle&#8220;<\/a> (<a href=\"https:\/\/www.amazon.de\/Cradle-Einfach-intelligent-produzieren\/dp\/3492304672\/ref=sr_1_1?adgrpid=72849258684&amp;dchild=1&amp;gclid=CjwKCAiAyc2BBhAaEiwA44-wWwnjMrO_4PwTGxQg-NbwRK7lJl5I4nF2hV5eIxcfLK1o3f7pEiToFRoCdfgQAvD_BwE&amp;hvadid=391554597748&amp;hvdev=c&amp;hvlocphy=9042027&amp;hvnetw=g&amp;hvqmt=b&amp;hvrand=5448250607987218022&amp;hvtargid=kwd-301811907068&amp;hydadcr=27962_1978111&amp;keywords=braungart+cradle+to+cradle&amp;qid=1614018769&amp;sr=8-1&amp;tag=googhydr08-21\">siehe auch deren Buch<\/a>) bewerten lassen. <\/p>\n\n\n\n<p><a href=\"http:\/\/klima-fakten.net\/?p=4993\">Nach Cradle to Cradle findet die gesamte Wirtschaft in 2 Kreisl\u00e4ufen statt<\/a>:<\/p>\n\n\n\n<figure class=\"wp-block-image\"><img decoding=\"async\" src=\"https:\/\/www.energie-klimaschutz.de\/wp-content\/uploads\/2018\/06\/c2c_kreislauf-768x320.jpg\" alt=\"Darstellung des Kreislaufs nach dem Cradle to Cradle-Prinzip\"\/><figcaption>Die beiden Kreisl\u00e4ufe des Cradle to Cradle Konzepts<\/figcaption><\/figure>\n\n\n\n<ul class=\"wp-block-list\"><li> Die Produkte im Biologischen Kreislauf m\u00fcssen vollst\u00e4ndig biologisch abbaubar sein und m\u00fcssen vertr\u00e4glich mit den Kriterien der \u00d6kologie, also Natur- und Landschaftsschutz. Dazu geh\u00f6rt insbesondere auch das gesundheitliche und seelische Wohlbefinden der Menschen.  <\/li><li>Der Technischen Kreislauf ist zweifellos die Grundlage von Lebensqualit\u00e4t und Wohlstand. Hier kommen auch Stoffe und Prozesse vor, vor denen der Biologische Kreislauf gesch\u00fctzt werden mu\u00df.  <\/li><\/ul>\n\n\n\n<p>Beiden Kreisl\u00e4ufen ist konzeptionell gemeinsam, dass sie gem\u00e4\u00df der Zielvorstellung geschlossen sind &#8211; <strong>es d\u00fcrfen per Definition keine Abf\u00e4lle zur\u00fcckbleiben.<\/strong>  Alles wird entweder wiederverwendet oder es wird in vertr\u00e4glicher Form dem Biologischen Kreislauf zur\u00fcckgegeben.  Viele Alltagsprozesse sowie Produktionsprozesse der Industrie und auch der Landwirtschaft entsprechen nicht diesem strengen Kriterium. Dabei ist zu unterscheiden:<\/p>\n\n\n\n<ul class=\"wp-block-list\"><li>existierende Prozesse, Produkte und Einrichtungen, die aufgrund von Vertr\u00e4gen, Genehmigungen und gesetzlichen Regelungen  <strong>Bestandsschutz und Investitionsschutzgarantien<\/strong> genie\u00dfen. Dazu geh\u00f6ren z.B. existierende Wohngeb\u00e4ude, die entsprechend der erteilten Baugenehmigung gebaut wurden. <strong>Leichtfertige, politisch motivierte Verletzungen dieser Grunds\u00e4tze f\u00fchren in der Regel zu sehr teuren Schadensersatzklagen und zu gesellschaftlichem Unfrieden<\/strong>, so wie etwa bei der widerrechtlich verk\u00fcrzten Laufzeit bereits genehmigter Kernkraftwerke im Jahre 2011. <\/li><li> <strong>Anders ist es bei noch nicht umgesetzten, geplanten Prozessen, neuen Produkten und Einrichtungen. Bei diesen d\u00fcrfen keine politisch motivierten faulen Kompromisse mit den Zielen der Nachhaltigkeit im Sinne der r\u00fcckstandsfreien Kreislaufwirtschaft eingegangen eingegangen werden.<\/strong><\/li><\/ul>\n\n\n\n<p><strong>Bei der  sogenannten Energiewende sind leider bislang die Kriterien der Nachhaltigkeit im Sinne einer Kreislaufwirtschaft kaum bis gar nicht ber\u00fccksichtigt worden<\/strong>, weil eine einseitige Fokussierung auf   Vermeidung von <img loading=\"lazy\" decoding=\"async\" src=\"https:\/\/klima-fakten.net\/wp-content\/ql-cache\/quicklatex.com-c8bf376ab4961bc1590ce2481aca0d8d_l3.png\" class=\"ql-img-inline-formula quicklatex-auto-format\" alt=\"&#67;&#79;&#95;&#50;\" title=\"Rendered by QuickLaTeX.com\" height=\"15\" width=\"35\" style=\"vertical-align: -3px;\"\/> alle anderen Nachhaltigkeitsprobleme verdr\u00e4ngte. Aufgrund des <a href=\"http:\/\/klima-fakten.net\/?p=4896\">besseren Verst\u00e4ndnisses atmosph\u00e4rischer Prozesse <\/a>(siehe auch hier) kann mit gro\u00dfer Sicherheit davon ausgegangen werden, dass es auch bei weiterer <img loading=\"lazy\" decoding=\"async\" src=\"https:\/\/klima-fakten.net\/wp-content\/ql-cache\/quicklatex.com-c8bf376ab4961bc1590ce2481aca0d8d_l3.png\" class=\"ql-img-inline-formula quicklatex-auto-format\" alt=\"&#67;&#79;&#95;&#50;\" title=\"Rendered by QuickLaTeX.com\" height=\"15\" width=\"35\" style=\"vertical-align: -3px;\"\/>-Erzeugung nicht zu so dramatischen &#8222;Klimafolgen&#8220; kommen wird, die rechtfertigen w\u00fcrden, alle anderen Anforderungen des Natur- und Landschaftsschutzes zu vernachl\u00e4ssigen &#8211; &#8222;<a href=\"https:\/\/www.forbes.com\/sites\/michaelshellenberger\/2019\/09\/04\/why-renewables-cant-save-the-climate\/?sh=4d999cd13526\">&#8230;wir d\u00fcrfen nicht zulassen, dass die Regenerativen Energien unsere Umwelt zerst\u00f6ren<\/a>&#8220; (siehe auch <a href=\"https:\/\/quillette.com\/2019\/02\/27\/why-renewables-cant-save-the-planet\/\">hier<\/a>)<\/p>\n\n\n\n<h3 class=\"wp-block-heading\">Gr\u00f6\u00dfenordnung der Nutzung regenerativer Energie<\/h3>\n\n\n\n<p>Bei den folgenden Betrachtungen soll der Schwerpunkt auf Wind- und Solarenergie liegen, daher werden folgende zur nachhaltigen Energiegewinnung gerechneten Technologien nur kurz erw\u00e4hnt &#8211; was nicht hei\u00dft, dass Nachhaltigkeitsbetrachtungen bei ihnen unwesentlich sind:<\/p>\n\n\n\n<ul class=\"wp-block-list\"><li>Wasserkraft: <a href=\"https:\/\/www.umweltbundesamt.de\/themen\/wasser\/fluesse\/nutzung-belastungen\/nutzung-von-fluessen-wasserkraft#wasserkraftpotenzial-in-deutschland\">In Deutschland sind im Wesentlichen alle zur Stromerzeugung wirtschaftlich sinnvoll nutzbaren Stauseen und Fl\u00fcsse bereits genutzt und liefern etwa 20 TWh\/Jahr.  <\/a>(3,6%)<\/li><li>Bio-Treibstoffe:  Bio-Treibstoffe bergen grunds\u00e4tzlich das potentielle Problem des gro\u00dfen Fl\u00e4chenverbrauchs und -mi\u00dfbrauchs, da der nachhaltige Ertrag von z.B. Holz auf 0,5 <img loading=\"lazy\" decoding=\"async\" src=\"https:\/\/klima-fakten.net\/wp-content\/ql-cache\/quicklatex.com-d81ee29c34ee1d291f400810baabd252_l3.png\" class=\"ql-img-inline-formula quicklatex-auto-format\" alt=\"&#92;&#102;&#114;&#97;&#99;&#123;&#87;&#125;&#123;&#109;&#94;&#50;&#125;\" title=\"Rendered by QuickLaTeX.com\" height=\"23\" width=\"19\" style=\"vertical-align: -7px;\"\/> begrenzt ist (das entspricht einem j\u00e4hrlichen Holzertrag von 10 Raummeter\/ha). Es spricht nichts gegen eine Nutzung von Brennholz im Rahmen der forstwirtschaftlich gesunden Nachhaltigkeitsgrenzen ( <a href=\"https:\/\/www.fnr.de\/fileadmin\/kiwuh\/dateien\/Basisdaten_KIWUH_web_neu_1.pdf\">in Deutschland aktuell 60 Mio Festraummeter<\/a>)  Dazu kommt das Problem der Monokulturen beim Anbau von &#8222;Energiepflanzen&#8220; und der gef\u00e4hrlichen Konkurrenz von profitablen Energiepflanzen und Nahrungsmitteln, was unweigerlich die Verteuerung von Nahrungsmitteln zur Folge hat.   <\/li><\/ul>\n\n\n\n<p><a href=\"Gesamtstromverbrauch: etwa 512 TWh (2019)\">Gesamtstromverbrauch: etwa 512 TWh (2019)<\/a>, <a href=\"https:\/\/www.umweltbundesamt.de\/themen\/klima-energie\/erneuerbare-energien\/erneuerbare-energien-in-zahlen#strom\">davon per Windenergie: 125 TWh<\/a>, per Solarenergie 54 TWh. <\/p>\n\n\n\n<p><a href=\"https:\/\/www.umweltbundesamt.de\/themen\/klima-energie\/erneuerbare-energien\/erneuerbare-energien-in-zahlen#uberblick\">Die Webseite des Umweltbundesamtes zeigt die wesentlichen Anteile der sogenannten erneuerbaren Energietr\u00e4ger<\/a>, gegliedert nach den Anteilen in den Sektoren Strom, W\u00e4rme und Verkehr: <\/p>\n\n\n\n<figure class=\"wp-block-image size-large\"><img decoding=\"async\" src=\"https:\/\/www.umweltbundesamt.de\/sites\/default\/files\/styles\/800w400h\/public\/medien\/372\/bilder\/ee-anteile_deu_02-2021.png?itok=XqZ2MpiU\" alt=\"\"\/><figcaption>Anteil erneuerbarer Energie bei Strom, W\u00e4rme und Verkehr<\/figcaption><\/figure>\n\n\n\n<h3 class=\"wp-block-heading\">Kritische Analyse der Energiewendema\u00dfnahmen<\/h3>\n\n\n\n<p>F\u00fcr eine wirklich zukunftsf\u00e4hige Infrastruktur m\u00fcssen die Ma\u00dfnahmen der Energiewende daran gemessen werden, inwieweit sie dem Konzept der oben beschriebenen Kreislaufwirtschaft Gen\u00fcge tun, also m\u00fcssen bei jeder Ma\u00dfnahme diese Aspekte \u00fcberpr\u00fcft werden:<\/p>\n\n\n\n<ul class=\"wp-block-list\"><li>Erzeugung\/Produktion<\/li><li>Betrieb<\/li><li>Entsorgung<\/li><\/ul>\n\n\n\n<p>Der \u00dcbersicht halber geschieht diese \u00dcberpr\u00fcfung f\u00fcr<a href=\"https:\/\/energiewende.baden-wuerttemberg.de\/ueberblick\/grundlagen\/das-1x1-der-energiewende\"> jede der wichtigsten Komponenten der Energiewende<\/a>. Bei jeder Komponente werden alle 3 Kriterien \u00fcberpr\u00fcft.<\/p>\n\n\n\n<h4 class=\"wp-block-heading\">Photovoltaik<\/h4>\n\n\n\n<h5 class=\"wp-block-heading\">Erzeugung: <\/h5>\n\n\n\n<p>Es gibt sehr starkte Indizien, dass nach einer Studie, \u00fcber die in der New York Times berichtet wird, <a href=\"https:\/\/www.nytimes.com\/2021\/01\/08\/business\/economy\/china-solar-companies-forced-labor-xinjiang.html\">die Solarzellen in China mit Zwangs- und Sklavenarbeit hergestellt werden<\/a>. Das erkl\u00e4rt die sensationell niedrigen Preise chinesischer Solarzellen, die zur Gesch\u00e4ftsaufgabe fast aller einst erfolgreichen deutschen Hersteller von Solarzellen f\u00fchrten. <strong>Warum f\u00fchren diese Menschenrechtsverletzungen nicht zum Boykott chinesischer Photovoltaik-Anlagen?<\/strong><\/p>\n\n\n\n<figure class=\"wp-block-image size-large\"><img decoding=\"async\" src=\"https:\/\/static01.nyt.com\/images\/2020\/12\/29\/us\/00dc-chinasolar02\/merlin_173641425_98001c35-7537-4bd8-b8a3-5beac7fb1161-jumbo.jpg?quality=90&amp;auto=webp\" alt=\"\"\/><figcaption>Internierungslager in Xinjiang. Zitatquelle: New York Times<\/figcaption><\/figure>\n\n\n\n<p><a href=\"https:\/\/www.solarbranche.de\/news\/nachrichten\/artikel-28019-photovoltaik-seltene-erden-steigern-lichtausbeute\">Der Einsatz sog. &#8222;seltener Erden&#8220; erh\u00f6ht bei Solarzellen die Lichtausbeute<\/a>. <a href=\"https:\/\/www.handelsblatt.com\/politik\/international\/grundstoffe-seltene-erden-als-druckmittel-deutsche-industrie-fuerchtet-neue-bestimmungen-aus-china\/26869182.html?ticket=ST-3946413-y47YeMySmvkjJTMQZnH3-ap2#:~:text=Zwar%20hat%20China%20inzwischen%20kein,ungern%20im%20eigenen%20Land%20betreiben.\">Diese kommen \u00fcberwiegend aus China<\/a>, was unsere Abh\u00e4ngigkeit von China verst\u00e4rkt. <\/p>\n\n\n\n<figure class=\"wp-block-image size-large\"><img decoding=\"async\" src=\"https:\/\/www.handelsblatt.com\/images\/seltene-erden\/26869212\/2-format2020.jpg\" alt=\"\"\/><figcaption>Abbau seltener Erden in China. Zitatquelle:  Handelsblatt. <\/figcaption><\/figure>\n\n\n\n<p>Den Wirtschaftsstandort f\u00fcr die Produktion von Solarzellen hat Deutschland aufgegeben: <a href=\"https:\/\/www.augsburger-allgemeine.de\/wirtschaft\/Der-Niedergang-der-deutschen-Solarwirtschaft-id41477701.html\">Von 2011 bis 2015 sind \u00fcber 80000 Arbeitspl\u00e4tze in dieser Branche verloren gegangen<\/a>.  Ein Grund daf\u00fcr ist, dass die f\u00fcr die notwendige Erzeugung von hochreinem Silizium sehr viel konventionelle elektrische Energie notwendig ist, was in Deutschland mit den weltweit h\u00f6chsten Strompreisen zusehends teurer wird.  <br>Dar\u00fcber hinaus ist die notwendige Energie zur Herstellung ein signifikanter Bruchteil dessen , was jemals aus der Zelle an Energie gewonnen werden kann.  <br>Die Bewertungen dazu gehen weit auseinander,<a href=\"https:\/\/reader.elsevier.com\/reader\/sd\/pii\/S0301421516301379?token=40963A48785E84DE47CE65EFD895B59084DCED929DC8128914352A51C0F3BBDC1FDA2F32B9EF5DE298BE3B07588A605E\"> am einen Ende der Bewertungs-Skala ist die Energiebilanz negativ<\/a>, wenn die notwendige Zwischenspeicherung noch mit ber\u00fccksichtigt wird, und<a href=\"https:\/\/www.sciencedirect.com\/science\/article\/pii\/S0301421516307066\"> am anderen Ende ein m\u00f6glicher Energie-Erntefaktor von bis zu 9<\/a>. In dieser Rechnung sind allerdings <a href=\"https:\/\/www.sciencedirect.com\/science\/article\/pii\/S0301421517302914\">wesentliche Teile des Gesamtenergieverbrauchs wie Abbau der Rohstoffe, Transport, Installation und Kosten des Finanzierungskapitals nicht ber\u00fccksichtigt worden<\/a>. Eine Kl\u00e4rung der Frage der tats\u00e4chlichen Energieausbeute ist von entscheidender Bedeutung, falls das Ziel sein sollte, konventionelle Energiequellen zu reduzieren. <\/p>\n\n\n\n<p><a href=\"https:\/\/spectrum.ieee.org\/green-tech\/solar\/solar-energy-isnt-always-as-green-as-you-think\">Der <img loading=\"lazy\" decoding=\"async\" src=\"https:\/\/klima-fakten.net\/wp-content\/ql-cache\/quicklatex.com-c8bf376ab4961bc1590ce2481aca0d8d_l3.png\" class=\"ql-img-inline-formula quicklatex-auto-format\" alt=\"&#67;&#79;&#95;&#50;\" title=\"Rendered by QuickLaTeX.com\" height=\"15\" width=\"35\" style=\"vertical-align: -3px;\"\/>-Fu\u00dfabdruck betr\u00e4gt  f\u00fcr die effizienten monokristallinen Zellen 50g (europ\u00e4ische Hersteller) bis 70 g (chinesische Produktion) pro erzeugter  KWh.<\/a>  Diese Rechnung erscheint etwas vage, weil sie eine ungewisse gesch\u00e4tzte Lebensdauer mit einbezieht. <a href=\"http:\/\/klima-fakten.net\/?p=5410\">Daher habe ich den <img loading=\"lazy\" decoding=\"async\" src=\"https:\/\/klima-fakten.net\/wp-content\/ql-cache\/quicklatex.com-c8bf376ab4961bc1590ce2481aca0d8d_l3.png\" class=\"ql-img-inline-formula quicklatex-auto-format\" alt=\"&#67;&#79;&#95;&#50;\" title=\"Rendered by QuickLaTeX.com\" height=\"15\" width=\"35\" style=\"vertical-align: -3px;\"\/>-Fu\u00dfabdruck genauer auf der Grundlage der tas\u00e4chlich in Deutschland gewonnenen Energie berechnet<\/a>, mit dem Ergebnis, dass er <strong>je nach Betrachtungsweise und Nutzungsform der solare <img loading=\"lazy\" decoding=\"async\" src=\"https:\/\/klima-fakten.net\/wp-content\/ql-cache\/quicklatex.com-c8bf376ab4961bc1590ce2481aca0d8d_l3.png\" class=\"ql-img-inline-formula quicklatex-auto-format\" alt=\"&#67;&#79;&#95;&#50;\" title=\"Rendered by QuickLaTeX.com\" height=\"15\" width=\"35\" style=\"vertical-align: -3px;\"\/>-Fu\u00dfabdruck zwischen 132 und 528 g pro kWh<\/strong> betr\u00e4gt.  <\/p>\n\n\n\n<h5 class=\"wp-block-heading\"><strong>Betrieb:<\/strong><\/h5>\n\n\n\n<p>Der Betrieb von Solaranlagen ist bislang in zweierlei Hinsicht parasit\u00e4r, d.h. die Anlagen leben davon, dass es nukleare oder fossile Stromversorgung gibt:<\/p>\n\n\n\n<ul class=\"wp-block-list\"><li>Zum einen sind sie <strong>von Anfang an bis heute stark subventioniert<\/strong>, die Nutzer konventionellen Stroms m\u00fcssen mehr bezahlen, um den solar erzeugten Strom zu finanzieren,<\/li><li>zum anderen <strong>wird solarer Strom nicht nachfrageorientiert erzeugt<\/strong>, sondern wann immer die Sonne grade scheint. Insbesondere an den Abenden, wo die Hauptlast der privaten Haushalte ist, f\u00e4llt die solare Versorgung ganz aus. Im Winter ist die solare Stromerzeugung vernachl\u00e4ssigbar gering. <strong>Das bedeutet, dass solare Stromerzeugung zu 100% mit anderen Methoden der  Stromerzeugung ersetzbar sein oder durch Speicherung gepuffert werden mu\u00df.  <\/strong><\/li><\/ul>\n\n\n\n<p>Das Kernproblem solarer Energiegewinnung ist die geringe Energiedichte:<a href=\"https:\/\/www.researchgate.net\/profile\/Manon_Urbain\/publication\/273640562\/figure\/fig1\/AS:614046957043721@1523411611838\/The-Earth-Radiation-Budget-23.png\"> <strong>Im weltweiten r\u00e4umlich und zeitlich gemittelten Schnitt erreichen durchschnittlich 161 Watt jeden qm Erdoberfl\u00e4che<\/strong><\/a>, der Wirkungsgrad der Umsetzung von Licht in elektrischen Strom liegt bei 15-20%, was bei vollst\u00e4ndiger Bedeckung einer gr\u00f6\u00dferen Fl\u00e4che einer theoretischen elektrischen Durchschnittsleistung von <img loading=\"lazy\" decoding=\"async\" src=\"https:\/\/klima-fakten.net\/wp-content\/ql-cache\/quicklatex.com-1dfaeec9eb48e7fa5494c55bd579644d_l3.png\" class=\"ql-img-inline-formula quicklatex-auto-format\" alt=\"&#50;&#53;&#45;&#51;&#50;&#32;&#92;&#102;&#114;&#97;&#99;&#123;&#87;&#125;&#123;&#109;&#94;&#50;&#125;\" title=\"Rendered by QuickLaTeX.com\" height=\"23\" width=\"78\" style=\"vertical-align: -7px;\"\/> entspricht &#8211; unter der unrealistischen Voraussetzung, dass Strom beliebig gespeichert werden kann.  Durch Schr\u00e4gstellen der Solarmodule und optimale Ausrichtung  Richtung \u00c4quator ist die Ausbeute pro Kollektorfl\u00e4che etwas gr\u00f6\u00dfer, was aber durch die Abst\u00e4nde der Solarmodule wieder kompensiert werden mu\u00df. <a href=\"https:\/\/greenakku.de\/Solarmodule\/Solarmodule-ab-200Wp\/Trina-Honey-375Wp-TSM-DE08M-08II-Solarmodul-Monokristallin-375Wp::3301.html\">Ein hochwertigs Solarmodul hat eine Spitzenleistung von etwa <img loading=\"lazy\" decoding=\"async\" src=\"https:\/\/klima-fakten.net\/wp-content\/ql-cache\/quicklatex.com-861489837fb04bccef15ffe4b98fe404_l3.png\" class=\"ql-img-inline-formula quicklatex-auto-format\" alt=\"&#50;&#48;&#53;&#32;&#92;&#102;&#114;&#97;&#99;&#123;&#87;&#125;&#123;&#109;&#94;&#50;&#125;\" title=\"Rendered by QuickLaTeX.com\" height=\"23\" width=\"48\" style=\"vertical-align: -7px;\"\/><\/a> Kollektorfl\u00e4che, <strong>die in unseren Breiten aber nur im Sommer bei unbew\u00f6lktem Himmel in den Mittagsstunden erreicht wird<\/strong>.  Bei Solarfarmen gilt f\u00fcr die Berechnung des<strong> <a href=\"https:\/\/www.renewableenergyworld.com\/solar\/calculating-solar-energys-land-use-footprint\/\">Fl\u00e4chenbedarfs der Richtwert von etwa <img loading=\"lazy\" decoding=\"async\" src=\"https:\/\/klima-fakten.net\/wp-content\/ql-cache\/quicklatex.com-4e540fc6aa45392e31cbf02a49a82b9c_l3.png\" class=\"ql-img-inline-formula quicklatex-auto-format\" alt=\"&#54;&#46;&#56;&#32;&#92;&#102;&#114;&#97;&#99;&#123;&#87;&#125;&#123;&#109;&#94;&#50;&#125;\" title=\"Rendered by QuickLaTeX.com\" height=\"23\" width=\"44\" style=\"vertical-align: -7px;\"\/> (4.1 Acre\/(GWh\/a))<\/a><\/strong><a href=\"https:\/\/www.renewableenergyworld.com\/solar\/calculating-solar-energys-land-use-footprint\/\">, in Sonderf\u00e4llen maximal <img loading=\"lazy\" decoding=\"async\" src=\"https:\/\/klima-fakten.net\/wp-content\/ql-cache\/quicklatex.com-ab52fb2989b6eaf356f37dcb55f40d32_l3.png\" class=\"ql-img-inline-formula quicklatex-auto-format\" alt=\"&#49;&#48;&#32;&#92;&#102;&#114;&#97;&#99;&#123;&#87;&#125;&#123;&#109;&#94;&#50;&#125;\" title=\"Rendered by QuickLaTeX.com\" height=\"23\" width=\"38\" style=\"vertical-align: -7px;\"\/> (2.8 Acre\/(GWh\/a))<\/a> <br>Im Jahresdurchschnitt ist die durchschnittliche Leistung  (in Deutschland) realistischerweise etwa 10.7% der installierten Leistung: <a href=\"https:\/\/www.ise.fraunhofer.de\/de\/veroeffentlichungen\/studien\/aktuelle-fakten-zur-photovoltaik-in-deutschland.html#faq_faqitem_1561781074-answer\">Laut Fraunhofer Institut wurden 2020 50.000 GWh Strom solar erzeugt mit 53 GW installierter (Spitzen-)Leistung.<\/a>   Bei 8766 Std.\/Jahr wurden also pro Stunde im Schnitt 5.7 GW erzeugt, die Leistung von etwa 4 Kernkraftwerken. Das sind 10.7% der installierten Leistung. Demzufolge ist <strong>die reale durchschnittliche Leistung in Deutschland pro qm Kollektorfl\u00e4che etwa 20 W<\/strong>, also unter dem oben genannten Erwartungswert.  <\/p>\n\n\n\n<p>Solange Solaranlagen auf Hausd\u00e4cher begrenzt sind, fallen sie hinsichtlich Fl\u00e4chenverbrauch nicht wesentlich ins Gewicht. Bei dem geplanten massiven Ausbau (<a href=\"https:\/\/www.ise.fraunhofer.de\/content\/dam\/ise\/de\/documents\/publications\/studies\/aktuelle-fakten-zur-photovoltaik-in-deutschland.pdf#page=5\">500 GW installierte Leistung bis 2050<\/a>, also 10 fache installierte Leistung von heute ) ist zu erwarten, dass zunehmend auch auf Freifl\u00e4chen Solaranlagen installiert werden, die dann entweder mit der Landwirtschaft oder mit dem Naturschutz konkurrieren.  <a href=\"https:\/\/www.yellowlite.com\/blog\/post\/how-much-land-would-it-take-to-power-the-state-of-ohio-with-solar1\/\">Eine optimistische Beispielrechnung f\u00fcr den amerikanischen Bundesstaat Ohio<\/a> kommt zu dem Schlu\u00df, dass h\u00f6chstens die H\u00e4lfte des notwendigen Strombedarfs durch Dachinstallationen gedeckt werden kann. <\/p>\n\n\n\n<p>Bei gro\u00dffl\u00e4chigen Installationen ist zudem die Auswirkung von Solarmodulen auf die Ver\u00e4nderung der Erd-Albedo zu ber\u00fccksichtigen &#8211; Solarmodule sind schwarz und ihr Ziel ist es, m\u00f6glichst viel Strahlung zu absorbieren -, <a href=\"https:\/\/www.youtube.com\/watch?v=sliXjXTouak&amp;t=15s\">die zu absehbaren problematischen  Auswirkungen auf&#8217;s Klima f\u00fchren<\/a>. <\/p>\n\n\n\n<figure class=\"wp-block-image size-large\"><img decoding=\"async\" src=\"https:\/\/pbs.twimg.com\/media\/EpkczaDXEAAEdGT?format=jpg&amp;name=900x900\" alt=\"\"\/><\/figure>\n\n\n\n<p><strong>Beispiele von Versiegelung von Landschaften durch Photovoltaik-Anlagen<\/strong>:<\/p>\n\n\n\n<figure class=\"wp-block-image size-large\"><img decoding=\"async\" src=\"https:\/\/pbs.twimg.com\/media\/EmvYfAuXMAEx0Dw?format=jpg&amp;name=900x900\" alt=\"\"\/><\/figure>\n\n\n\n<p>Den Landverbrauch von Solaranlagen kann man durch die erzielbare Energiedichte angeben. Infolge der optimierten Ausrichtung der Solarmodule k\u00f6nnen die Module nicht beliebig dicht aufgestellt werden, dies f\u00fchrt in der Regel zum 3-fachen Landverbrauch im Vergleich zur aktiven Kollektorfl\u00e4che. Realistisch k\u00f6nnen also<a href=\"https:\/\/www.renewableenergyworld.com\/solar\/calculating-solar-energys-land-use-footprint\/\"> 6,8 W volatile Durchschnittsleistung pro <img loading=\"lazy\" decoding=\"async\" src=\"https:\/\/klima-fakten.net\/wp-content\/ql-cache\/quicklatex.com-7bd22cca2802b4314e8f06fb217359f5_l3.png\" class=\"ql-img-inline-formula quicklatex-auto-format\" alt=\"&#109;&#94;&#50;\" title=\"Rendered by QuickLaTeX.com\" height=\"15\" width=\"23\" style=\"vertical-align: 0px;\"\/> erzielt werden, in Ausnahmef\u00e4llen 10 W.<\/a> Um im Durchschnitt ein Kraftwerk mit der Leistung 1 GW durch Photovoltaik zu ersetzen, wird also eine Landfl\u00e4che von 147 <img loading=\"lazy\" decoding=\"async\" src=\"https:\/\/klima-fakten.net\/wp-content\/ql-cache\/quicklatex.com-c8da47ea2cf60cb90773f128acb87eb3_l3.png\" class=\"ql-img-inline-formula quicklatex-auto-format\" alt=\"&#107;&#109;&#94;&#50;\" title=\"Rendered by QuickLaTeX.com\" height=\"15\" width=\"33\" style=\"vertical-align: 0px;\"\/> ben\u00f6tigt, ein Quadrat mit der Seitenl\u00e4nge von 12,1 km. Damit ist aber noch lange nicht das Kraftwerk ersetzt, denn der solare Strom ist volatil, und mu\u00df unter Leistungsverlust (z.B. mit fl\u00fcssigem Wasserstoff) gespeichert werden, was den Fl\u00e4chenverbrauch nochmal vergr\u00f6\u00dfert auf mindestens 176 <img loading=\"lazy\" decoding=\"async\" src=\"https:\/\/klima-fakten.net\/wp-content\/ql-cache\/quicklatex.com-c8da47ea2cf60cb90773f128acb87eb3_l3.png\" class=\"ql-img-inline-formula quicklatex-auto-format\" alt=\"&#107;&#109;&#94;&#50;\" title=\"Rendered by QuickLaTeX.com\" height=\"15\" width=\"33\" style=\"vertical-align: 0px;\"\/> pro GW elektrischer Leistung. <\/p>\n\n\n\n<figure class=\"wp-block-image size-large\"><img decoding=\"async\" src=\"https:\/\/nca2014.globalchange.gov\/sites\/report\/files\/images\/web-large\/Figure-10.6-hi.jpg\" alt=\"\"\/><figcaption>https:\/\/nca2014.globalchange.gov\/report\/sectors\/energy-water-and-land\/graphics\/projected-land-use-intensity-2030#submenu-highlights-report-findings<\/figcaption><\/figure>\n\n\n\n<h5 class=\"wp-block-heading\" id=\"solar-eroi\">Berechnung des Energy Return of Energy invested<\/h5>\n\n\n\n<p>Folgende beiden einander widersprechende Publikationen m\u00fcssen noch sorgf\u00e4ltig analysiert und bewertet werden: <\/p>\n\n\n\n<p><a href=\"https:\/\/www.sciencedirect.com\/science\/article\/pii\/S0301421516301379\">Energy Return on Energy Invested (ERoEI) for photovoltaic solar systems in regions of moderate insolation<\/a><\/p>\n\n\n\n<p><a href=\"https:\/\/www.sciencedirect.com\/science\/article\/pii\/S0301421516307066#bib14\">Energy Return on Energy Invested (ERoEI) for photovoltaic solar systems in regions of moderate insolation: A comprehensive response<\/a><\/p>\n\n\n\n<p>Replik der urspr\u00fcnglichen Autoren: <a rel=\"noreferrer noopener\" href=\"https:\/\/www.sciencedirect.com\/science\/article\/pii\/S0301421517302914\" target=\"_blank\">https:\/\/www.sciencedirect.com\/science\/article\/pii\/S0301421517302914<\/a><\/p>\n\n\n\n<p>Dazu noch grunds\u00e4tzliche \u00dcberlegungen zur Berechnung des EROEI:<\/p>\n\n\n\n<figure class=\"wp-block-embed-wordpress wp-block-embed is-type-wp-embed is-provider-our-finite-world\"><div class=\"wp-block-embed__wrapper\">\n<blockquote class=\"wp-embedded-content\" data-secret=\"cEI3jPs3ra\"><a href=\"https:\/\/ourfiniteworld.com\/2016\/12\/21\/eroei-calculations-for-solar-pv-are-misleading\/\">EROEI Calculations for Solar PV Are Misleading<\/a><\/blockquote><iframe loading=\"lazy\" class=\"wp-embedded-content\" sandbox=\"allow-scripts\" security=\"restricted\" style=\"position: absolute; clip: rect(1px, 1px, 1px, 1px);\" title=\"&#8220;EROEI Calculations for Solar PV Are Misleading&#8221; &#8212; Our Finite World\" src=\"https:\/\/ourfiniteworld.com\/2016\/12\/21\/eroei-calculations-for-solar-pv-are-misleading\/embed\/#?secret=w9s4zcamoF#?secret=cEI3jPs3ra\" data-secret=\"cEI3jPs3ra\" width=\"600\" height=\"338\" frameborder=\"0\" marginwidth=\"0\" marginheight=\"0\" scrolling=\"no\"><\/iframe>\n<\/div><\/figure>\n\n\n\n<h5 class=\"wp-block-heading\" id=\"solar-recycling\"><strong>Entsorgung\/Recycling<\/strong><\/h5>\n\n\n\n<p>Der <a href=\"https:\/\/solarmetric.com\/learn\/solar-panel-waste-could-leasing-be-the-answer\/\">Preis f\u00fcr&#8217;s Recycling<\/a> betr\u00e4gt aktuell etwa 15\u20ac f\u00fcr ein Paneel, was das Recycling bei einem Neupreis von etwa 150\u20ac wirtschaftlich unattraktiv macht. <\/p>\n\n\n\n<p><a href=\"https:\/\/www.cleanenergywire.org\/factsheets\/resources-and-recycling-needs-germanys-solar-panels\">Beschreibung der Problematik<\/a> in Deutschland<\/p>\n\n\n\n<p><a href=\"https:\/\/www.sciencedirect.com\/science\/article\/pii\/S2211467X19301245\">Eine wissenschaftliche Abhandlung zum Recycling von PV-Anlagen<\/a>&#8230;<\/p>\n\n\n\n<p><a href=\"https:\/\/www.greenmatch.co.uk\/blog\/2017\/10\/the-opportunities-of-solar-panel-recycling\">Konzept f\u00fcr&#8217;s Recycling<\/a><\/p>\n\n\n\n<h4 class=\"wp-block-heading\">Windkraftwerke<\/h4>\n\n\n\n<h5 class=\"wp-block-heading\"><strong>Erzeugung: <\/strong><\/h5>\n\n\n\n<p>Seltene Erden (Neodym, Kobalt), Kinderarbeit, Einsatz konventioneller Energie, Balsa-Holz.<\/p>\n\n\n\n<p><strong>Der Einsatz konventioneller Energie beim Bau entspricht etwa 1 Jahr Laufzeit der Windanlage.<\/strong><\/p>\n\n\n\n<p><a href=\"https:\/\/www.economist.com\/the-americas\/2021\/01\/30\/the-wind-power-boom-set-off-a-scramble-for-balsa-wood-in-ecuador\">Einsatz von Balsaholz problematisch f\u00fcr Tropenw\u00e4lder<\/a><\/p>\n\n\n\n<h5 class=\"wp-block-heading\"><strong>Betrieb:<\/strong><\/h5>\n\n\n\n<p><a href=\"https:\/\/www.nrel.gov\/docs\/fy09osti\/45834.pdf\">Fl\u00e4chenverbrauch<\/a>, Vogelschredder, Gesundsheitssch\u00e4den<\/p>\n\n\n\n<p>Staatlich gelenkte gezielte Verleumdung derjenigen, die sich z.B. aus Naturschutzgr\u00fcnden gegen den Ausbau von Windenergie in W\u00e4ldern oder anderen &#8222;umweltkritschen&#8220; Gebieten einsetzen, wie in <a href=\"https:\/\/umwelt-watchblog.de\/kleine-staatskunde-fuer-windkraft-profiteure\/\">Kleine Staatskunde f\u00fcr Windkraftprofiteure<\/a>.<\/p>\n\n\n\n<h5 class=\"wp-block-heading\"><strong>Entsorgung:<\/strong><\/h5>\n\n\n\n<p>Die Entsorgung der Windkraftanlagen, die eine nur sehr begrenzte Lebensdauer von etwa 20 Jahren haben,<a href=\"https:\/\/www.en-former.com\/ausrangiert-wie-entsorgt-man-42-000-rotorblaetter\/\"> beginnt zu einem gigantischen Problem zu werden, denn die Bestandteile wie die Rotorbl\u00e4tter sind kaum recyclingf\u00e4hig<\/a> (siehe auch <a href=\"https:\/\/www.cleanenergywire.org\/news\/mass-dismantling-old-wind-turbines-could-overburden-germanys-recycling-capacities\">hier<\/a>), <a href=\"https:\/\/www.umweltbundesamt.de\/en\/press\/pressinformation\/insufficient-recycling-capacities-for-dismantling\">was auch offizielle Stellen best\u00e4tigen<\/a>. <\/p>\n\n\n\n<figure class=\"wp-block-image size-large\"><img decoding=\"async\" src=\"https:\/\/pbs.twimg.com\/media\/EuyJZpfXEAMFVpU?format=jpg&amp;name=900x900\" alt=\"Image\"\/><figcaption>Quelle: https:\/\/pbs.twimg.com\/media\/EuyJZpfXEAMFVpU?format=jpg&amp;name=900&#215;900<\/figcaption><\/figure>\n\n\n\n<p>14.000 Turbinen verrotten in den USA &#8211; jede Turbine &#8211; 1.671 Tonnen Material, darunter 1300 Tonnen Beton, 295 Tonnen Stahl, 48 Tonnen Eisen, 24 Tonnen Glasfaser, 4 Tonnen Kupfer, chinesische Seltenerdmetalle, 0,4 Tonnen Neodym und 0,065 Tonnen Dysprosium. 43 Millionen Tonnen Schaufelabf\u00e4lle<\/p>\n\n\n\n<h5 class=\"wp-block-heading\">Elektromobilit\u00e4t<\/h5>\n\n\n\n<p>Das zentrale Problem in Bezug auf die Umwelt ist die Speicherung der elektrischen Energie mittels Lithium-Ionen Batterien. Hierzu werden insbesondere gro\u00dfe Mengen an Lithium, Kobalt, Nickel, Mangan und anderen Seltenen Erden ben\u00f6tigt.  Probleme gibt es es in allen Phasen des &#8222;Lebenszyklus&#8220;, bei Erzeugung, Betrieb und Entsorgung. <\/p>\n\n\n\n<h5 class=\"wp-block-heading\"><strong>Erzeugung: <\/strong><\/h5>\n\n\n\n<p>Die als erstes ins Auge fallenden Probleme ist <a href=\"https:\/\/www.researchgate.net\/publication\/348680004_Harvesting_Lithium_water_brine_and_the_industrial_dynamics_of_production_in_the_Salar_de_Atacama\">der immense Wasserverbrauch bei der Gewinnung von Lithium, dies ausgerechnet in einem W\u00fcsten-Gebiet in Chile, wo Wasser au\u00dferordentlich knapp ist<\/a>. <\/p>\n\n\n\n<p>Ausgangspunkt sind die nat\u00fcrlichen unterirdischen Vorkommen einer Salzl\u00f6sung mit 0.15% Lithiumgehalt, gemischt mit 2.5% Kaliumgehalt in einer Gegend, die zu den trockensten der Erde geh\u00f6rt und eine gro\u00dfe Hitze herrscht. <\/p>\n\n\n\n<figure class=\"wp-block-image size-large\"><img loading=\"lazy\" decoding=\"async\" width=\"711\" height=\"356\" src=\"http:\/\/klima-fakten.net\/wp-content\/uploads\/2021\/03\/image-1.png\" alt=\"\" class=\"wp-image-5220\" srcset=\"https:\/\/klima-fakten.net\/wp-content\/uploads\/2021\/03\/image-1.png 711w, https:\/\/klima-fakten.net\/wp-content\/uploads\/2021\/03\/image-1-300x150.png 300w\" sizes=\"auto, (max-width: 711px) 100vw, 711px\" \/><figcaption>Der Lithium-Verdampfungsprozess<\/figcaption><\/figure>\n\n\n\n<p>Diese Salzlake wird aus 1.5-60m Tiefe in gro\u00dfe Verdampfungsbecken geleitet. In der ersten Phase der Verdunstung, w\u00e4hrend eines Zeitraums von 6-9 Monaten, wird das Kaliumsalz ausgef\u00e4llt. Nach \u00dcberleitung in eine zweite Gruppe von Verdunstungsteichen wird die L\u00f6sung aus 6% Lithiumgehalt angereichert. <\/p>\n\n\n\n<figure class=\"wp-block-image size-large\"><img loading=\"lazy\" decoding=\"async\" width=\"659\" height=\"231\" src=\"http:\/\/klima-fakten.net\/wp-content\/uploads\/2021\/03\/image.png\" alt=\"\" class=\"wp-image-5218\" srcset=\"https:\/\/klima-fakten.net\/wp-content\/uploads\/2021\/03\/image.png 659w, https:\/\/klima-fakten.net\/wp-content\/uploads\/2021\/03\/image-300x105.png 300w\" sizes=\"auto, (max-width: 659px) 100vw, 659px\" \/><figcaption>Lithium Verdampfungsbecken<\/figcaption><\/figure>\n\n\n\n<p>Nach dieser Anreicherung wird die Lithiumcloridl\u00f6sung abgepumpt und in Chemiefabriken transportiert, wo eine Umwandlung nach Lithiumhydroxid und Lithiumcarbonat erfolgt. <\/p>\n\n\n\n<p><strong>Kobalt aus dem Kongo<\/strong><\/p>\n\n\n\n<p>Das zweite bekannte Problem ist, dass <a href=\"https:\/\/www.deutsche-rohstoffagentur.de\/DE\/Gemeinsames\/Produkte\/Downloads\/Commodity_Top_News\/Rohstoffwirtschaft\/53_kobalt-aus-der-dr-kongo_en.pdf?__blob=publicationFile&amp;v=6\">der \u00fcberwiegende Teil der Welt-Kobalt-Produktion in der Republik Kongo stattfindet<\/a>, <a href=\"https:\/\/escholarship.org\/uc\/item\/17m9g4wm\">unter menschen-unw\u00fcrdigen Bedingungen, insbesondere unter dem Einsatz von Kinderarbeit im gro\u00dfen Stil<\/a> (sieh auch <a href=\"https:\/\/www.humanium.org\/de\/kinderarbeit-in-den-minen-der-demokratischen-republik-kongo\/?gclid=CjwKCAjwgOGCBhAlEiwA7FUXkqBcPkPgmWggCisOF3JDWFwsgY9piyEJay-b59DJF8Gl-jzgWsMzVhoCvGAQAvD_BwE\">hier<\/a>)<\/p>\n\n\n\n<figure class=\"wp-block-image size-large is-resized\"><img loading=\"lazy\" decoding=\"async\" src=\"https:\/\/www.humanium.org\/de\/wp-content\/uploads\/2016\/04\/child-labor-480x297.jpg\" alt=\"\" width=\"480\" height=\"297\"\/><figcaption>Kinderarbeit im Kongo beim Kobalt-Abbau<\/figcaption><\/figure>\n\n\n\n<p>Die Doppelmoral des der &#8222;Energiewende&#8220; zugrundeliegenden Klima-Alarmismus wird in dieser Karikatur gut ausgedr\u00fcckt:<\/p>\n\n\n\n<figure class=\"wp-block-image size-large\"><img loading=\"lazy\" decoding=\"async\" width=\"350\" height=\"332\" src=\"http:\/\/klima-fakten.net\/wp-content\/uploads\/2021\/03\/image-2.png\" alt=\"\" class=\"wp-image-5248\" srcset=\"https:\/\/klima-fakten.net\/wp-content\/uploads\/2021\/03\/image-2.png 350w, https:\/\/klima-fakten.net\/wp-content\/uploads\/2021\/03\/image-2-300x285.png 300w\" sizes=\"auto, (max-width: 350px) 100vw, 350px\" \/><\/figure>\n\n\n\n<p><strong>Wissenschaftliche Analyse des Resourcenverbrauchs<\/strong><\/p>\n\n\n\n<p><a href=\"https:\/\/link.springer.com\/article\/10.1007\/s11027-019-09869-2\">Der Umwelt-&#8222;Fu\u00dfabdruck&#8220; bei der Batterieherstellung l\u00e4\u00dft sich mit mehreren Kennzahlen beschreiben.<\/a> Grundlage dabei ist ein Prozess-basiertes &#8222;Lifecycle Assessment Model&#8220; (LCA) namens <a href=\"https:\/\/greet.es.anl.gov\/greet.models\">GREET<\/a> (Greenhous gases, Regulated Emissions and Energy use in Transportation).<\/p>\n\n\n\n<p>Die erste wichtige Gr\u00f6\u00dfe ist der Energieeinsatz, der zur Herstellung notwendig ist:<\/p>\n\n\n\n<figure class=\"wp-block-image size-large\"><img decoding=\"async\" src=\"https:\/\/media.springernature.com\/lw685\/springer-static\/image\/art%3A10.1007%2Fs11027-019-09869-2\/MediaObjects\/11027_2019_9869_Fig2_HTML.png?as=webp\" alt=\"\"\/><figcaption>Notwendiger Energieeinsatz zur Herstellung einer Lithium-Ionen Batterie <\/figcaption><\/figure>\n\n\n\n<p>Genau betrachtet ist die Energie-Skala dimensionslos, weil 1 J = 1 Ws ist, also 1 kWh = 3,6 MJ .   1200 MJ\/kWh bedeutet, dass zur Herstellung einer Batterie mit 1 kWh Kapazit\u00e4t die Energie von etwa 333 vollst\u00e4ndigen Ladezyklen notwendig ist.   Die Angaben der Lebensdauer von Akkus gehen weit auseinander, sie werden auf  500- 3000 Ladezyklen gesch\u00e4tzt. <\/p>\n\n\n\n<p>Die zweite wichtige Kennzahl ist der &#8222;<img loading=\"lazy\" decoding=\"async\" src=\"https:\/\/klima-fakten.net\/wp-content\/ql-cache\/quicklatex.com-c8bf376ab4961bc1590ce2481aca0d8d_l3.png\" class=\"ql-img-inline-formula quicklatex-auto-format\" alt=\"&#67;&#79;&#95;&#50;\" title=\"Rendered by QuickLaTeX.com\" height=\"15\" width=\"35\" style=\"vertical-align: -3px;\"\/>-Fu\u00dfabdruck&#8220;, also die Erzeugung von <img loading=\"lazy\" decoding=\"async\" src=\"https:\/\/klima-fakten.net\/wp-content\/ql-cache\/quicklatex.com-c8bf376ab4961bc1590ce2481aca0d8d_l3.png\" class=\"ql-img-inline-formula quicklatex-auto-format\" alt=\"&#67;&#79;&#95;&#50;\" title=\"Rendered by QuickLaTeX.com\" height=\"15\" width=\"35\" style=\"vertical-align: -3px;\"\/> pro kWh Batteriekapazit\u00e4t:<\/p>\n\n\n\n<figure class=\"wp-block-image size-large\"><img decoding=\"async\" src=\"https:\/\/media.springernature.com\/lw685\/springer-static\/image\/art%3A10.1007%2Fs11027-019-09869-2\/MediaObjects\/11027_2019_9869_Fig3_HTML.png?as=webp\" alt=\"\"\/><figcaption>Treibhausgas-Emissionen pro kWh Batterie-Kapazit\u00e4t<\/figcaption><\/figure>\n\n\n\n<p>Die <img loading=\"lazy\" decoding=\"async\" src=\"https:\/\/klima-fakten.net\/wp-content\/ql-cache\/quicklatex.com-c8bf376ab4961bc1590ce2481aca0d8d_l3.png\" class=\"ql-img-inline-formula quicklatex-auto-format\" alt=\"&#67;&#79;&#95;&#50;\" title=\"Rendered by QuickLaTeX.com\" height=\"15\" width=\"35\" style=\"vertical-align: -3px;\"\/> Emissionen f\u00fcr die Herstellung einer 100 kWh Batterie (Tesla Model X) in einem Elektroauto (entspricht einer theoretischen 500 km Reichweite &#8212; ohne Heizung oder Klimaanlage &#8212;  bei einem Verbrauch von 20 kWh\/100 km) betragen demnach 7500 kg <img loading=\"lazy\" decoding=\"async\" src=\"https:\/\/klima-fakten.net\/wp-content\/ql-cache\/quicklatex.com-c8bf376ab4961bc1590ce2481aca0d8d_l3.png\" class=\"ql-img-inline-formula quicklatex-auto-format\" alt=\"&#67;&#79;&#95;&#50;\" title=\"Rendered by QuickLaTeX.com\" height=\"15\" width=\"35\" style=\"vertical-align: -3px;\"\/>. <strong>Bei einem angenommenen Grenzwert von 100 <img loading=\"lazy\" decoding=\"async\" src=\"https:\/\/klima-fakten.net\/wp-content\/ql-cache\/quicklatex.com-770d87dc94c21e8d01844936e1085e7c_l3.png\" class=\"ql-img-inline-formula quicklatex-auto-format\" alt=\"&#103;&#32;&#67;&#79;&#95;&#50;&#32;&#47;&#107;&#109;\" title=\"Rendered by QuickLaTeX.com\" height=\"19\" width=\"78\" style=\"vertical-align: -5px;\"\/> entspricht dies der Fahrleistung von 75.000 km eines schadstoffarmen Dieselfahrzeugs.  <\/strong>Dabei ist noch nicht der <img loading=\"lazy\" decoding=\"async\" src=\"https:\/\/klima-fakten.net\/wp-content\/ql-cache\/quicklatex.com-c8bf376ab4961bc1590ce2481aca0d8d_l3.png\" class=\"ql-img-inline-formula quicklatex-auto-format\" alt=\"&#67;&#79;&#95;&#50;\" title=\"Rendered by QuickLaTeX.com\" height=\"15\" width=\"35\" style=\"vertical-align: -3px;\"\/> Fu\u00dfabdruck der Stromerzeugung ber\u00fccksichtigt. <\/p>\n\n\n\n<p><\/p>\n\n\n\n<p><a href=\"https:\/\/www.recyclingnews.de\/recycling\/energie-fuer-die-zukunft-recycling-von-lithium-ionen-akkus\/\">Recycling von Li-Ionen Akkus<\/a><\/p>\n\n\n\n<h5 class=\"wp-block-heading\"><strong>Betrieb:<\/strong><\/h5>\n\n\n\n<p>Eine Umstellung auf Elektromobilit\u00e4t erfordert gigantische Ma\u00dfnahmen der Umstellung der gesamten Infrastruktur:<\/p>\n\n\n\n<ul class=\"wp-block-list\"><li>Stromversorgung von Millionen von Fahrzeugen ist f\u00fcr das aktuelle Stromnetz nicht vorgesehen<\/li><li>Die &#8222;\u00fcberschie\u00dfenden Stromspitzen&#8220; von Wind- und solarer Elektrizit\u00e4tsproduktion, die durch Elektrolyse mit Hilfe von  Wasserstoff gespeichert werden,  reichen maximal f\u00fcr den Betrieb von 200.000 Fahrzeugen<\/li><li>Alle bisherigen Erfahrungen haben gezeigt, dass bei winterlicher K\u00e4lte der Betrieb von batteriebetriebenen Fahrzeugen nicht mehr zuverl\u00e4ssig funktioniert, <a href=\"https:\/\/www.maz-online.de\/Nachrichten\/Berlin\/E-Busse-in-Berlin-Warum-23-Elektrobusse-nach-dem-Wintereinbruch-liegen-blieben\">wie es sich 2020\/21 bei den Berliner Verkehrsbetrieben gezeigt hat<\/a>.  <\/li><\/ul>\n\n\n\n<h5 class=\"wp-block-heading\">Entsorgung:<\/h5>\n\n\n\n<p><a href=\"https:\/\/www.recyclingnews.de\/recycling\/eu-batterieverordnung-der-goldstandard-fuer-das-recycling\/\">Von der EU wird bislang lediglich eine Recyclingrate von 45% der Lithium-Ionen Batterien gefordert<\/a>.  Es gibt jetzt<a href=\"https:\/\/www.recyclingnews.de\/recycling\/energie-fuer-die-zukunft-recycling-von-lithium-ionen-akkus\/\"> Einrichtungen, in denen Li-Ionen Batterien zu 70% in ihre elementaren Bestandteile zerlegt werden<\/a>. Das ist zwar ein Fortschritt gegen\u00fcber der <\/p>\n\n\n\n<h4 class=\"wp-block-heading\"><strong>Schlu\u00dffolgerungen<\/strong><\/h4>\n\n\n\n<p>Dies sind einfache \u00dcberschlagsrechnungen. Prof Sinn hat ist nach einer gr\u00fcndlichen Studie zu \u00e4hnlichen Schlu\u00dffolgerungen gekommen, n\u00e4mlich <a href=\"https:\/\/www.handelsblatt.com\/meinung\/gastbeitraege\/gastkommentar-der-schwindel-mit-dem-e-auto\/25355790.html?ticket=ST-5730201-9SPpcuRQx1UdTuF3VzID-ap3\">dass der Aussto\u00df von E-Autos \u00fcber die Gesamt-Lebensdauer betrachtet \u00e4hnlich gro\u00df ist wie von Verbrenner-betriebenen Fahrzeugen<\/a>, genau genommen  <a href=\"https:\/\/www.achgut.com\/artikel\/boese_studie_elektroautos_lassen_nur_woanders_verbrennen\">lassen die E-Autos nur &#8222;woanders verbrennen&#8220;<\/a>. Ber\u00fccksichtigt man  allerdings den Umstand, dass sich durch Einf\u00fchrung der Elektromobilit\u00e4t im gro\u00dfen Umfang die Notwendigkeit ergibt, den zus\u00e4tzlich ben\u00f6tigten Strom wieder durch Kohlekraftwerke zu erzeugen (aktuell gibt es keine andere M\u00f6glichkeit), <a href=\"https:\/\/www.achgut.com\/artikel\/fundstueck_73_prozent_hoehere_treibhausgas_emissionen_bei_elektroautos\">dann ergibt sich daraus ein \u00fcber 70% h\u00f6herer <img loading=\"lazy\" decoding=\"async\" src=\"https:\/\/klima-fakten.net\/wp-content\/ql-cache\/quicklatex.com-c8bf376ab4961bc1590ce2481aca0d8d_l3.png\" class=\"ql-img-inline-formula quicklatex-auto-format\" alt=\"&#67;&#79;&#95;&#50;\" title=\"Rendered by QuickLaTeX.com\" height=\"15\" width=\"35\" style=\"vertical-align: -3px;\"\/> Ausstoss von Elektrofahrzeugen gegen\u00fcber Diesel-betriebenen<\/a>. <\/p>\n\n\n\n<p><a href=\"https:\/\/www.achgut.com\/artikel\/der_sonntagsfahrer_im_kafka_turbo\">Auf humorvolle Weise hat Dirk Maxeiner die f\u00fcr die Einf\u00fchrung der Elektromobilit\u00e4t notwendigen &#8222;Sch\u00f6nrechnungen&#8220; auf den Punkt gebracht. <\/a><\/p>\n\n\n\n<p><a href=\"https:\/\/www.achgut.com\/artikel\/eine_gegenrede_zum_e-auto-pessimismus\">Der Vollst\u00e4ndigkeit und der Fairness halber soll aber auch die andere Seite geh\u00f6rt werden. <\/a><\/p>\n\n\n\n<p>Das Hauptproblem bleibt. Wir sind weit entfernt von einem geschlossenen Kreislauf, wie er vom Cradle-to-Cradle Prinzip gefordert wird. Die Richtlinien der EU fordern aktuell lediglich ein 50% Recylcling der Batterien. Dies kann durch die Komplexit\u00e4t der Bauweise dann so &#8222;getrickst&#8220; werden, dass die Kernbestandteile, die Akku-Zellen, gar nicht recycled werden, weil dies immer noch sehr aufwendig und teuer ist. <\/p>\n\n\n\n<h5 class=\"wp-block-heading\">Geb\u00e4uded\u00e4mmung, Biotreibstoffe etc.<\/h5>\n\n\n\n<p>Diese  Themen bergen ebenfalls Risiken bez\u00fcglich der Wiederverwendbarkeit und der sch\u00e4dlichen Einfl\u00fcsse auf den \u00f6kologischen Kreislauf. <\/p>\n\n\n\n<p>Sie werden in einer k\u00fcnftigen Erweiterung dieses Beitrags behandelt. <\/p>\n\n\n\n<p><\/p>\n","protected":false},"excerpt":{"rendered":"<p>Um die einzelnen Komponenten der Energiewende zu bewerten, ist es notwendig, zun\u00e4chst eine Definition der Ziele dieser Energiewende zu betrachten. Nur das gibt uns eine &hellip; <\/p>\n","protected":false},"author":1,"featured_media":0,"comment_status":"open","ping_status":"open","sticky":false,"template":"","format":"standard","meta":{"_monsterinsights_skip_tracking":false,"_monsterinsights_sitenote_active":false,"_monsterinsights_sitenote_note":"","_monsterinsights_sitenote_category":0,"_uf_show_specific_survey":0,"_uf_disable_surveys":false,"twitterCardType":"","cardImageID":0,"cardImage":"","cardTitle":"","cardDesc":"","cardImageAlt":"","cardPlayer":"","cardPlayerWidth":0,"cardPlayerHeight":0,"cardPlayerStream":"","cardPlayerCodec":"","footnotes":""},"categories":[50],"tags":[],"class_list":["post-5051","post","type-post","status-publish","format-standard","hentry","category-energiewende"],"_links":{"self":[{"href":"https:\/\/klima-fakten.net\/index.php?rest_route=\/wp\/v2\/posts\/5051","targetHints":{"allow":["GET"]}}],"collection":[{"href":"https:\/\/klima-fakten.net\/index.php?rest_route=\/wp\/v2\/posts"}],"about":[{"href":"https:\/\/klima-fakten.net\/index.php?rest_route=\/wp\/v2\/types\/post"}],"author":[{"embeddable":true,"href":"https:\/\/klima-fakten.net\/index.php?rest_route=\/wp\/v2\/users\/1"}],"replies":[{"embeddable":true,"href":"https:\/\/klima-fakten.net\/index.php?rest_route=%2Fwp%2Fv2%2Fcomments&post=5051"}],"version-history":[{"count":171,"href":"https:\/\/klima-fakten.net\/index.php?rest_route=\/wp\/v2\/posts\/5051\/revisions"}],"predecessor-version":[{"id":7377,"href":"https:\/\/klima-fakten.net\/index.php?rest_route=\/wp\/v2\/posts\/5051\/revisions\/7377"}],"wp:attachment":[{"href":"https:\/\/klima-fakten.net\/index.php?rest_route=%2Fwp%2Fv2%2Fmedia&parent=5051"}],"wp:term":[{"taxonomy":"category","embeddable":true,"href":"https:\/\/klima-fakten.net\/index.php?rest_route=%2Fwp%2Fv2%2Fcategories&post=5051"},{"taxonomy":"post_tag","embeddable":true,"href":"https:\/\/klima-fakten.net\/index.php?rest_route=%2Fwp%2Fv2%2Ftags&post=5051"}],"curies":[{"name":"wp","href":"https:\/\/api.w.org\/{rel}","templated":true}]}}