{"id":2499,"date":"2020-01-22T00:10:11","date_gmt":"2020-01-21T22:10:11","guid":{"rendered":"http:\/\/klima-fakten.net\/?p=2499"},"modified":"2020-01-22T00:31:43","modified_gmt":"2020-01-21T22:31:43","slug":"unangenehme-tatsachen-bei-den-australischen-buschfeuern","status":"publish","type":"post","link":"https:\/\/klima-fakten.net\/?p=2499","title":{"rendered":"Unangenehme Tatsachen bei den Australischen Buschfeuern"},"content":{"rendered":"<div class=\"pdfprnt-buttons pdfprnt-buttons-post pdfprnt-top-right\"><a href=\"https:\/\/klima-fakten.net\/index.php?rest_route=wpv2posts2499&print=print\" class=\"pdfprnt-button pdfprnt-button-print\" target=\"_blank\"><img decoding=\"async\" src=\"https:\/\/klima-fakten.net\/wp-content\/plugins\/pdf-print\/images\/print.png\" alt=\"image_print\" title=\"Inhalt drucken\" \/><\/a><\/div>\n<p>Der renommierte amerikanische Wissenschaftler Roger Pielke hat <a href=\"https:\/\/www.forbes.com\/sites\/rogerpielke\/2020\/01\/14\/the-inconvenient-facts-on-australian-bushfires\/#73d0a9934594\">in einem sehr differenzierten Beitrag zu den australischen Buschfeuern zu Beginn des Jahres 2020 Stellung genommen<\/a>: <br><em>Wir leben in einer Zeit, in der jedes extreme Wetter oder klimabedingte Ereignis unmittelbar mit dem vom Menschen verursachten Klimawandel in Verbindung gebracht wird. Bei solchen Assoziationen geht es oft nicht wirklich um die Wissenschaft des Klimas, sondern eher um ein Symbol, das im politischen Kampf um den Klimawandel mahnt.<\/em><br>Nach den Aussagen der Australischen Akademie der Wissenschaften sind die Zusammenh\u00e4nge allerdings viel komplizierter: <\/p>\n\n\n\n<p><em>&#8222;Buschfeuer stellen, zusammen mit anderen Herausforderungen in Bezug auf Wetter und Klima, komplexe und weitreichende Probleme dar.<strong> Bev\u00f6lkerungswachstum, Klimawandel, Temperaturextreme, D\u00fcrren, St\u00fcrme, Wind und \u00dcberschwemmungen \u00fcberschneiden sich in einer Weise, die nur schwer zu entwirren und zu bew\u00e4ltigen ist.<\/strong>&#8220; Und anstatt den Wechsel einzelner Politiker zu fordern, fordert die Akademie eine verbesserte Politik: <\/em>&#8222;<strong>Alles, einschlie\u00dflich der Stadtplanung, der Baunormen, der Wiederherstellung von Lebensr\u00e4umen, der Erhaltung der biologischen Vielfalt und der Artenvielfalt sowie des Land-, Wasser- und Wildtiermanagements wird sorgf\u00e4ltige und ma\u00dfvolle \u00dcberlegungen erfordern.<\/strong>&#8222;<\/p>\n\n\n\n<p>W\u00e4hrend in anderen Gegenden der Welt wie z.B. im Amazonasgebiet, im Mittelmeerraum, Skandinavien und Nordamerika eine gewisse Wahrscheinlichkeit f\u00fcr einen Zusammenhang zwischen Feuern und Klima\u00e4nderung besteht, kann <a href=\"https:\/\/agupubs.onlinelibrary.wiley.com\/doi\/full\/10.1029\/2018GL080959\">nach einer Studie in Australien kein solcher Zusammenhang gefunden werden<\/a>. <\/p>\n\n\n\n<p><\/p>\n","protected":false},"excerpt":{"rendered":"<p>Der renommierte amerikanische Wissenschaftler Roger Pielke hat in einem sehr differenzierten Beitrag zu den australischen Buschfeuern zu Beginn des Jahres 2020 Stellung genommen: Wir leben &hellip; <\/p>\n","protected":false},"author":1,"featured_media":0,"comment_status":"open","ping_status":"open","sticky":false,"template":"","format":"standard","meta":{"_monsterinsights_skip_tracking":false,"_monsterinsights_sitenote_active":false,"_monsterinsights_sitenote_note":"","_monsterinsights_sitenote_category":0,"_uf_show_specific_survey":0,"_uf_disable_surveys":false,"twitterCardType":"","cardImageID":0,"cardImage":"","cardTitle":"","cardDesc":"","cardImageAlt":"","cardPlayer":"","cardPlayerWidth":0,"cardPlayerHeight":0,"cardPlayerStream":"","cardPlayerCodec":"","footnotes":""},"categories":[26],"tags":[],"class_list":["post-2499","post","type-post","status-publish","format-standard","hentry","category-aktuelles"],"_links":{"self":[{"href":"https:\/\/klima-fakten.net\/index.php?rest_route=\/wp\/v2\/posts\/2499","targetHints":{"allow":["GET"]}}],"collection":[{"href":"https:\/\/klima-fakten.net\/index.php?rest_route=\/wp\/v2\/posts"}],"about":[{"href":"https:\/\/klima-fakten.net\/index.php?rest_route=\/wp\/v2\/types\/post"}],"author":[{"embeddable":true,"href":"https:\/\/klima-fakten.net\/index.php?rest_route=\/wp\/v2\/users\/1"}],"replies":[{"embeddable":true,"href":"https:\/\/klima-fakten.net\/index.php?rest_route=%2Fwp%2Fv2%2Fcomments&post=2499"}],"version-history":[{"count":5,"href":"https:\/\/klima-fakten.net\/index.php?rest_route=\/wp\/v2\/posts\/2499\/revisions"}],"predecessor-version":[{"id":2506,"href":"https:\/\/klima-fakten.net\/index.php?rest_route=\/wp\/v2\/posts\/2499\/revisions\/2506"}],"wp:attachment":[{"href":"https:\/\/klima-fakten.net\/index.php?rest_route=%2Fwp%2Fv2%2Fmedia&parent=2499"}],"wp:term":[{"taxonomy":"category","embeddable":true,"href":"https:\/\/klima-fakten.net\/index.php?rest_route=%2Fwp%2Fv2%2Fcategories&post=2499"},{"taxonomy":"post_tag","embeddable":true,"href":"https:\/\/klima-fakten.net\/index.php?rest_route=%2Fwp%2Fv2%2Ftags&post=2499"}],"curies":[{"name":"wp","href":"https:\/\/api.w.org\/{rel}","templated":true}]}}