{"id":11801,"date":"2025-08-16T21:01:08","date_gmt":"2025-08-16T20:01:08","guid":{"rendered":"https:\/\/klima-fakten.net\/?p=11801"},"modified":"2025-09-03T21:05:57","modified_gmt":"2025-09-03T20:05:57","slug":"co%e2%82%82-sensitivitaet-mit-wasserdampf-und-wolken","status":"publish","type":"post","link":"https:\/\/klima-fakten.net\/?p=11801","title":{"rendered":"CO\u2082 Sensitivit\u00e4t mit Wasserdampf und Wolken"},"content":{"rendered":"<div class=\"pdfprnt-buttons pdfprnt-buttons-post pdfprnt-top-right\"><a href=\"https:\/\/klima-fakten.net\/index.php?rest_route=wpv2posts11801&print=print\" class=\"pdfprnt-button pdfprnt-button-print\" target=\"_blank\"><img decoding=\"async\" src=\"https:\/\/klima-fakten.net\/wp-content\/plugins\/pdf-print\/images\/print.png\" alt=\"image_print\" title=\"Inhalt drucken\" \/><\/a><\/div>\n\n\n<p>Der h\u00e4ufig verwendete Wert des CO\u2082-Forcings betr\u00e4gt <img loading=\"lazy\" decoding=\"async\" src=\"https:\/\/klima-fakten.net\/wp-content\/ql-cache\/quicklatex.com-60470e3caffdcb2d185a0ef5488ce59e_l3.png\" class=\"ql-img-inline-formula quicklatex-auto-format\" alt=\"&#51;&#46;&#55;&#32;&#92;&#102;&#114;&#97;&#99;&#123;&#87;&#125;&#123;&#109;&#94;&#50;&#125;\" title=\"Rendered by QuickLaTeX.com\" height=\"23\" width=\"44\" style=\"vertical-align: -7px;\"\/>. Dabei beruft man sich gew\u00f6hnlich auf die <a href=\"https:\/\/agupubs.onlinelibrary.wiley.com\/doi\/epdf\/10.1029\/98GL01908\" data-type=\"link\" data-id=\"https:\/\/agupubs.onlinelibrary.wiley.com\/doi\/epdf\/10.1029\/98GL01908\">Untersuchungen von Myhre<\/a>. Dort befindet sich dieser Wert ganz am Ende implizit als &#8222;simplified expression&#8220;. Dieser Wert l\u00e4\u00dft sich mit dem \u00f6ffentlich verf\u00fcgbaren MODTRAN nicht reproduzieren, es kommt dabei der Wert ohne Kompensation der Stratosph\u00e4renstrahlung heraus (&#8222;instantaneous&#8220;), w\u00e4hrend Myhre den sog. &#8222;adjusted&#8220; Wert liefert, der eine Korrektur aufgrund der Stratosph\u00e4renstrahlung durchf\u00fchrt. M\u00f6glicherweise sind dadurch von MODTRAN gelieferte Werte etwas zu niedrig.<\/p>\n\n\n\n<figure class=\"wp-block-image size-large\"><img loading=\"lazy\" decoding=\"async\" width=\"1024\" height=\"708\" src=\"https:\/\/klima-fakten.net\/wp-content\/uploads\/2025\/08\/grafik-1024x708.png\" alt=\"\" class=\"wp-image-11961\" srcset=\"https:\/\/klima-fakten.net\/wp-content\/uploads\/2025\/08\/grafik-1024x708.png 1024w, https:\/\/klima-fakten.net\/wp-content\/uploads\/2025\/08\/grafik-300x208.png 300w, https:\/\/klima-fakten.net\/wp-content\/uploads\/2025\/08\/grafik-768x531.png 768w, https:\/\/klima-fakten.net\/wp-content\/uploads\/2025\/08\/grafik.png 1071w\" sizes=\"auto, (max-width: 1024px) 100vw, 1024px\" \/><\/figure>\n\n\n\n<p>Um eine im globalen Mittel realistische Sensitivit\u00e4t zu erreichen, muss mit der tats\u00e4chlichen Abstrahlung von <img loading=\"lazy\" decoding=\"async\" src=\"https:\/\/klima-fakten.net\/wp-content\/ql-cache\/quicklatex.com-efd3e0763a5b241d4178b6083a356fd6_l3.png\" class=\"ql-img-inline-formula quicklatex-auto-format\" alt=\"&#50;&#52;&#48;&#32;&#92;&#102;&#114;&#97;&#99;&#123;&#87;&#125;&#123;&#109;&#94;&#50;&#125;\" title=\"Rendered by QuickLaTeX.com\" height=\"23\" width=\"48\" style=\"vertical-align: -7px;\"\/> gerechnet werden, mit der das globale Strahlungsgleichgewicht erreicht wird.<\/p>\n\n\n\n<p>Um das zu simulieren, m\u00fcssen sowohl Wolken als auch Wasserdampf ber\u00fccksichtigt werden. <br>Hierzu werden folgende, aus Literaturrecherche ermittelte folgende Annahmen getroffen:<\/p>\n\n\n\n<ul class=\"wp-block-list\">\n<li>Der Anteil der von Wolken bedeckten Erdoberfl\u00e4che ist etwa 67%,<\/li>\n\n\n\n<li>Der global durchschnittliche niederschlagsf\u00e4hige Wasserdampf (PWV) ist bei Wolkendecke 28 mm und bei wolkenlosem Himmel 21 mm. Im Simulationsprogramm MODTRAN ist der angenommene Defaultwert des Wasserdampfes bei der US Standardatmosph\u00e4re etwa 15 mm (dem durchschnittlichen Wert der USA), demzufolge ergibt sich bei Wolken f\u00fcr den &#8222;Water Vapor Scale&#8220; Parameter 1.87 und bei wolkenlosem Himmel 1.4.  <\/li>\n\n\n\n<li>Als Wolkenart wird vereinfachend die h\u00e4ufigste Wolkenart der Kumuluswolken gew\u00e4hlt. Die Einbeziehung weiterer Wolkenarten k\u00f6nnen das Ergebnis noch geringf\u00fcgig ver\u00e4ndern.<\/li>\n<\/ul>\n\n\n\n<h4 class=\"wp-block-heading\">Simulation wolkenloser Himmel<\/h4>\n\n\n\n<p>Die Defaultsimulation von MODTRAN wird modifiziert:<\/p>\n\n\n\n<ul class=\"wp-block-list\">\n<li>CO2-Konzentration 280 ppm<\/li>\n\n\n\n<li>Water Vapor Scale: 1.4<\/li>\n\n\n\n<li>Locality: US Standard Atmosphere 1976<\/li>\n<\/ul>\n\n\n\n<p>Als IR-Fluss ergeben sich <img loading=\"lazy\" decoding=\"async\" src=\"https:\/\/klima-fakten.net\/wp-content\/ql-cache\/quicklatex.com-20c77c109a5831ee5985c5280823d980_l3.png\" class=\"ql-img-inline-formula quicklatex-auto-format\" alt=\"&#50;&#54;&#52;&#32;&#92;&#102;&#114;&#97;&#99;&#123;&#87;&#125;&#123;&#109;&#94;&#50;&#125;\" title=\"Rendered by QuickLaTeX.com\" height=\"23\" width=\"48\" style=\"vertical-align: -7px;\"\/>. Dieser Zustand wird gespeichert. Danach wird die CO\u2082-Konzentration auf 560 ppm verdoppelt:<\/p>\n\n\n\n<figure class=\"wp-block-image size-large\"><img loading=\"lazy\" decoding=\"async\" width=\"1024\" height=\"650\" src=\"https:\/\/klima-fakten.net\/wp-content\/uploads\/2025\/08\/image-5-1024x650.png\" alt=\"\" class=\"wp-image-11814\" srcset=\"https:\/\/klima-fakten.net\/wp-content\/uploads\/2025\/08\/image-5-1024x650.png 1024w, https:\/\/klima-fakten.net\/wp-content\/uploads\/2025\/08\/image-5-300x191.png 300w, https:\/\/klima-fakten.net\/wp-content\/uploads\/2025\/08\/image-5-768x488.png 768w, https:\/\/klima-fakten.net\/wp-content\/uploads\/2025\/08\/image-5.png 1151w\" sizes=\"auto, (max-width: 1024px) 100vw, 1024px\" \/><\/figure>\n\n\n\n<p>Der Strahlungsantrieb aufgrund der CO<sub>2<\/sub>-Verdoppelung ist also <img loading=\"lazy\" decoding=\"async\" src=\"https:\/\/klima-fakten.net\/wp-content\/ql-cache\/quicklatex.com-91d99cd9c73300071a37ef2a8e580101_l3.png\" class=\"ql-img-inline-formula quicklatex-auto-format\" alt=\"&#50;&#46;&#56;&#51;&#32;&#92;&#102;&#114;&#97;&#99;&#123;&#87;&#125;&#123;&#109;&#94;&#50;&#125;\" title=\"Rendered by QuickLaTeX.com\" height=\"23\" width=\"52\" style=\"vertical-align: -7px;\"\/>, was trotz der &#8222;clear sky&#8220; Annahme bereits deutlich weniger ist als der beim IPCC \u00fcblicherweise verwendete Wert von \u00fcber <img loading=\"lazy\" decoding=\"async\" src=\"https:\/\/klima-fakten.net\/wp-content\/ql-cache\/quicklatex.com-60470e3caffdcb2d185a0ef5488ce59e_l3.png\" class=\"ql-img-inline-formula quicklatex-auto-format\" alt=\"&#51;&#46;&#55;&#32;&#92;&#102;&#114;&#97;&#99;&#123;&#87;&#125;&#123;&#109;&#94;&#50;&#125;\" title=\"Rendered by QuickLaTeX.com\" height=\"23\" width=\"44\" style=\"vertical-align: -7px;\"\/>.  Doch es fehlt noch die Ber\u00fccksichtigung des Anteils der von Wolken bedeckten Erdoberfl\u00e4che. <\/p>\n\n\n\n<h4 class=\"wp-block-heading\">Simulation des von Wolken bedeckten Teils der Atmosph\u00e4re<\/h4>\n\n\n\n<p>Die Defaultsimulation von MODTRAN wird modifiziert:<\/p>\n\n\n\n<ul class=\"wp-block-list\">\n<li>CO\u2082-Konzentration 280 ppm<\/li>\n\n\n\n<li>Water Vapor Scale: 1.87<\/li>\n\n\n\n<li>Locality: US Standard Atmosphere 1976<\/li>\n\n\n\n<li>Als Wolkenbedeckung wird die &#8222;Cumulus Cloud Base&#8220; gew\u00e4hlt. <\/li>\n<\/ul>\n\n\n\n<p>Als IR-Fluss ergeben sich <img loading=\"lazy\" decoding=\"async\" src=\"https:\/\/klima-fakten.net\/wp-content\/ql-cache\/quicklatex.com-bc6e660854564e3303c1da29eb3ff4c1_l3.png\" class=\"ql-img-inline-formula quicklatex-auto-format\" alt=\"&#50;&#50;&#53;&#92;&#102;&#114;&#97;&#99;&#123;&#87;&#125;&#123;&#109;&#94;&#50;&#125;\" title=\"Rendered by QuickLaTeX.com\" height=\"23\" width=\"48\" style=\"vertical-align: -7px;\"\/>. Dieser Zustand wird gespeichert. Danach wird die CO<sub>2<\/sub>-Konzentration auf 560 ppm verdoppelt:<\/p>\n\n\n\n<figure class=\"wp-block-image size-large\"><img loading=\"lazy\" decoding=\"async\" width=\"1024\" height=\"624\" src=\"https:\/\/klima-fakten.net\/wp-content\/uploads\/2025\/08\/image-6-1024x624.png\" alt=\"\" class=\"wp-image-11815\" srcset=\"https:\/\/klima-fakten.net\/wp-content\/uploads\/2025\/08\/image-6-1024x624.png 1024w, https:\/\/klima-fakten.net\/wp-content\/uploads\/2025\/08\/image-6-300x183.png 300w, https:\/\/klima-fakten.net\/wp-content\/uploads\/2025\/08\/image-6-768x468.png 768w, https:\/\/klima-fakten.net\/wp-content\/uploads\/2025\/08\/image-6.png 1200w\" sizes=\"auto, (max-width: 1024px) 100vw, 1024px\" \/><\/figure>\n\n\n\n<p>Der Strahlungsantrieb aufgrund der CO<sub>2<\/sub>-Verdoppelung ist unter diesen Bedingungen <img loading=\"lazy\" decoding=\"async\" src=\"https:\/\/klima-fakten.net\/wp-content\/ql-cache\/quicklatex.com-ff878a5dd5aae883deff36fc271ff281_l3.png\" class=\"ql-img-inline-formula quicklatex-auto-format\" alt=\"&#49;&#46;&#55;&#57;&#32;&#92;&#102;&#114;&#97;&#99;&#123;&#87;&#125;&#123;&#109;&#94;&#50;&#125;\" title=\"Rendered by QuickLaTeX.com\" height=\"23\" width=\"51\" style=\"vertical-align: -7px;\"\/>.  Mit der Wahl des Wolkenmodells &#8222;Altostratus&#8220;  w\u00e4re dieser Strahlungsantrieb <img loading=\"lazy\" decoding=\"async\" src=\"https:\/\/klima-fakten.net\/wp-content\/ql-cache\/quicklatex.com-1ce75bcdc275dd8e166a8fd5860411c4_l3.png\" class=\"ql-img-inline-formula quicklatex-auto-format\" alt=\"&#49;&#46;&#55;&#54;&#32;&#32;&#92;&#102;&#114;&#97;&#99;&#123;&#87;&#125;&#123;&#109;&#94;&#50;&#125;\" title=\"Rendered by QuickLaTeX.com\" height=\"23\" width=\"51\" style=\"vertical-align: -7px;\"\/>, der maximale Wert ergibt sich beim &#8222;Nimbostratus&#8220; Modell mit <img loading=\"lazy\" decoding=\"async\" src=\"https:\/\/klima-fakten.net\/wp-content\/ql-cache\/quicklatex.com-8864a24cc88c2333b9d4d9c072d28686_l3.png\" class=\"ql-img-inline-formula quicklatex-auto-format\" alt=\"&#50;&#46;&#53;&#49;&#32;&#32;&#92;&#102;&#114;&#97;&#99;&#123;&#87;&#125;&#123;&#109;&#94;&#50;&#125;\" title=\"Rendered by QuickLaTeX.com\" height=\"23\" width=\"52\" style=\"vertical-align: -7px;\"\/>.<\/p>\n\n\n\n<h4 class=\"wp-block-heading\">Validierung des Strahlungsgleichgewichts und Bestimmung der CO<sub>2<\/sub>-Sensitivit\u00e4t<\/h4>\n\n\n\n<p>Um das globale Gleichgewicht zwischen Einstrahlung (<img loading=\"lazy\" decoding=\"async\" src=\"https:\/\/klima-fakten.net\/wp-content\/ql-cache\/quicklatex.com-efd3e0763a5b241d4178b6083a356fd6_l3.png\" class=\"ql-img-inline-formula quicklatex-auto-format\" alt=\"&#50;&#52;&#48;&#32;&#92;&#102;&#114;&#97;&#99;&#123;&#87;&#125;&#123;&#109;&#94;&#50;&#125;\" title=\"Rendered by QuickLaTeX.com\" height=\"23\" width=\"48\" style=\"vertical-align: -7px;\"\/>) und Abstrahlung zu \u00fcberpr\u00fcfen, wird die mit dem Grad der Wolkenbedeckung gewichtete Summe der IR Fl\u00fcsse der beiden Modelle gebildet:<br><img loading=\"lazy\" decoding=\"async\" src=\"https:\/\/klima-fakten.net\/wp-content\/ql-cache\/quicklatex.com-fb0c726ae9384242dc38c2acf9fc1441_l3.png\" class=\"ql-img-inline-formula quicklatex-auto-format\" alt=\"&#50;&#50;&#53;&#92;&#102;&#114;&#97;&#99;&#123;&#87;&#125;&#123;&#109;&#94;&#50;&#125;&#32;&#92;&#99;&#100;&#111;&#116;&#32;&#48;&#46;&#54;&#55;&#32;&#43;&#32;&#50;&#54;&#52;&#92;&#102;&#114;&#97;&#99;&#123;&#87;&#125;&#123;&#109;&#94;&#50;&#125;&#32;&#92;&#99;&#100;&#111;&#116;&#32;&#48;&#46;&#51;&#51;&#32;&#92;&#97;&#112;&#112;&#114;&#111;&#120;&#32;&#50;&#51;&#56;&#92;&#102;&#114;&#97;&#99;&#123;&#87;&#125;&#123;&#109;&#94;&#50;&#125;\" title=\"Rendered by QuickLaTeX.com\" height=\"23\" width=\"280\" style=\"vertical-align: -7px;\"\/><br>Angesichts der m\u00f6glichen Variabilit\u00e4t der Ausgangsparameter kann dieser Wert als &#8222;Punktlandung&#8220; betrachtet werden. <br>Bei Verwendung anderer Wolkenmodelle muss darauf geachtet werden, dass dieses Strahlungsgleichgewicht eingehalten wird.<\/p>\n\n\n\n<p>Der Gesamtstrahlungsantrieb <img loading=\"lazy\" decoding=\"async\" src=\"https:\/\/klima-fakten.net\/wp-content\/ql-cache\/quicklatex.com-a595ba572dc2c8b743ab78685d9422b1_l3.png\" class=\"ql-img-inline-formula quicklatex-auto-format\" alt=\"&#92;&#68;&#101;&#108;&#116;&#97;&#32;&#83;\" title=\"Rendered by QuickLaTeX.com\" height=\"12\" width=\"27\" style=\"vertical-align: 0px;\"\/> ist die gewichtete Summe der Antriebe aus dem Wolkenmodell und dem wolkenlosen Modell:<br><img loading=\"lazy\" decoding=\"async\" src=\"https:\/\/klima-fakten.net\/wp-content\/ql-cache\/quicklatex.com-cd1de6651a8cf2f03ab21b25a8c966d2_l3.png\" class=\"ql-img-inline-formula quicklatex-auto-format\" alt=\"&#92;&#68;&#101;&#108;&#116;&#97;&#32;&#83;&#32;&#61;&#32;&#50;&#46;&#56;&#51;&#32;&#92;&#102;&#114;&#97;&#99;&#123;&#87;&#125;&#123;&#109;&#94;&#50;&#125;&#92;&#99;&#100;&#111;&#116;&#32;&#48;&#46;&#51;&#51;&#32;&#43;&#49;&#46;&#55;&#57;&#92;&#102;&#114;&#97;&#99;&#123;&#87;&#125;&#123;&#109;&#94;&#50;&#125;&#92;&#99;&#100;&#111;&#116;&#32;&#48;&#46;&#54;&#55;&#32;&#92;&#97;&#112;&#112;&#114;&#111;&#120;&#32;&#50;&#46;&#49;&#32;&#92;&#102;&#114;&#97;&#99;&#123;&#87;&#125;&#123;&#109;&#94;&#50;&#125;\" title=\"Rendered by QuickLaTeX.com\" height=\"23\" width=\"336\" style=\"vertical-align: -7px;\"\/><\/p>\n\n\n\n<p>Die CO\u2082-Sensitivit\u00e4t <img loading=\"lazy\" decoding=\"async\" src=\"https:\/\/klima-fakten.net\/wp-content\/ql-cache\/quicklatex.com-cb5a269f1ca84874583e8696a1b59bff_l3.png\" class=\"ql-img-inline-formula quicklatex-auto-format\" alt=\"&#92;&#68;&#101;&#108;&#116;&#97;&#32;&#84;\" title=\"Rendered by QuickLaTeX.com\" height=\"13\" width=\"28\" style=\"vertical-align: 0px;\"\/> wird mit der Ableitung der Stefan-Boltzmann-Gleichung aus dem IR Fluss <img loading=\"lazy\" decoding=\"async\" src=\"https:\/\/klima-fakten.net\/wp-content\/ql-cache\/quicklatex.com-ae4405564fc184f69a9fa6bf475099e3_l3.png\" class=\"ql-img-inline-formula quicklatex-auto-format\" alt=\"&#83;&#61;&#50;&#52;&#48;&#32;&#92;&#102;&#114;&#97;&#99;&#123;&#87;&#125;&#123;&#109;&#94;&#50;&#125;\" title=\"Rendered by QuickLaTeX.com\" height=\"23\" width=\"83\" style=\"vertical-align: -7px;\"\/> und dem Strahlungsantrieb <img loading=\"lazy\" decoding=\"async\" src=\"https:\/\/klima-fakten.net\/wp-content\/ql-cache\/quicklatex.com-a595ba572dc2c8b743ab78685d9422b1_l3.png\" class=\"ql-img-inline-formula quicklatex-auto-format\" alt=\"&#92;&#68;&#101;&#108;&#116;&#97;&#32;&#83;\" title=\"Rendered by QuickLaTeX.com\" height=\"12\" width=\"27\" style=\"vertical-align: 0px;\"\/> berechnet:<\/p>\n\n\n\n<p><img loading=\"lazy\" decoding=\"async\" src=\"https:\/\/klima-fakten.net\/wp-content\/ql-cache\/quicklatex.com-5268ed7a23c02514460d7891ccdcf96d_l3.png\" class=\"ql-img-inline-formula quicklatex-auto-format\" alt=\"&#92;&#68;&#101;&#108;&#116;&#97;&#32;&#84;&#61;&#92;&#102;&#114;&#97;&#99;&#123;&#84;&#92;&#99;&#100;&#111;&#116;&#32;&#92;&#68;&#101;&#108;&#116;&#97;&#32;&#83;&#125;&#123;&#52;&#92;&#99;&#100;&#111;&#116;&#32;&#83;&#125;&#32;&#61;&#32;&#92;&#102;&#114;&#97;&#99;&#123;&#50;&#56;&#56;&#32;&#75;&#92;&#99;&#100;&#111;&#116;&#32;&#50;&#46;&#49;&#125;&#123;&#52;&#92;&#99;&#100;&#111;&#116;&#32;&#50;&#52;&#48;&#125;&#32;&#61;&#32;&#48;&#46;&#54;&#51;&#32;&#75;\" title=\"Rendered by QuickLaTeX.com\" height=\"23\" width=\"243\" style=\"vertical-align: -6px;\"\/><\/p>\n\n\n\n<p>Demnach reduzieren sowohl Wolken als auch zunehmender Wasserdampfgehalt die CO<sub>2<\/sub>-Sensitvit\u00e4t signifikant.  Beides mu\u00df f\u00fcr eine realistische Berechnung des Treibhauseffekts ber\u00fccksichtigt werden. <\/p>\n\n\n\n<p><\/p>\n","protected":false},"excerpt":{"rendered":"<p>Der h\u00e4ufig verwendete Wert des CO\u2082-Forcings betr\u00e4gt $3.7 \\frac{W}{m^2}$. Dabei beruft man sich gew\u00f6hnlich auf die Untersuchungen von Myhre. Dort befindet sich dieser Wert ganz &hellip; <\/p>\n","protected":false},"author":1,"featured_media":0,"comment_status":"open","ping_status":"open","sticky":false,"template":"","format":"standard","meta":{"_monsterinsights_skip_tracking":false,"_monsterinsights_sitenote_active":false,"_monsterinsights_sitenote_note":"","_monsterinsights_sitenote_category":0,"_uf_show_specific_survey":0,"_uf_disable_surveys":false,"twitterCardType":"","cardImageID":0,"cardImage":"","cardTitle":"","cardDesc":"","cardImageAlt":"","cardPlayer":"","cardPlayerWidth":0,"cardPlayerHeight":0,"cardPlayerStream":"","cardPlayerCodec":"","footnotes":""},"categories":[26,52],"tags":[],"class_list":["post-11801","post","type-post","status-publish","format-standard","hentry","category-aktuelles","category-sensitivitaet"],"_links":{"self":[{"href":"https:\/\/klima-fakten.net\/index.php?rest_route=\/wp\/v2\/posts\/11801","targetHints":{"allow":["GET"]}}],"collection":[{"href":"https:\/\/klima-fakten.net\/index.php?rest_route=\/wp\/v2\/posts"}],"about":[{"href":"https:\/\/klima-fakten.net\/index.php?rest_route=\/wp\/v2\/types\/post"}],"author":[{"embeddable":true,"href":"https:\/\/klima-fakten.net\/index.php?rest_route=\/wp\/v2\/users\/1"}],"replies":[{"embeddable":true,"href":"https:\/\/klima-fakten.net\/index.php?rest_route=%2Fwp%2Fv2%2Fcomments&post=11801"}],"version-history":[{"count":29,"href":"https:\/\/klima-fakten.net\/index.php?rest_route=\/wp\/v2\/posts\/11801\/revisions"}],"predecessor-version":[{"id":11963,"href":"https:\/\/klima-fakten.net\/index.php?rest_route=\/wp\/v2\/posts\/11801\/revisions\/11963"}],"wp:attachment":[{"href":"https:\/\/klima-fakten.net\/index.php?rest_route=%2Fwp%2Fv2%2Fmedia&parent=11801"}],"wp:term":[{"taxonomy":"category","embeddable":true,"href":"https:\/\/klima-fakten.net\/index.php?rest_route=%2Fwp%2Fv2%2Fcategories&post=11801"},{"taxonomy":"post_tag","embeddable":true,"href":"https:\/\/klima-fakten.net\/index.php?rest_route=%2Fwp%2Fv2%2Ftags&post=11801"}],"curies":[{"name":"wp","href":"https:\/\/api.w.org\/{rel}","templated":true}]}}